{"id":935,"name":"Coslada","url":"https:\/\/coslada.es\/servicios-sociales-y-mayores\/mayores\/","description":"Desde el a\u00f1o 2004 desempe\u00f1o el puesto de Responsable de Mayores en el Ayuntamiento de Coslada, Madrid, Espa\u00f1a. Soy Licenciada en Sociolog\u00eda por la Universidad Complutense de Madrid en el a\u00f1o 2001. Formaci\u00f3n de posgrado en Investigaci\u00f3n, Gesti\u00f3n y Desarrollo Local por la UCM. 2002 Formaci\u00f3n en Direcci\u00f3n de Centros Sociales. 2008 Formaci\u00f3n en Gerontolog\u00eda Social. 2010","link":"https:\/\/extranet.who.int\/agefriendlyworld\/author\/coslada\/","slug":"coslada","avatar_urls":{"24":"https:\/\/secure.gravatar.com\/avatar\/7938d1851d502f0b35fa2d7ae2a4323e?s=24&d=mm&r=g","48":"https:\/\/secure.gravatar.com\/avatar\/7938d1851d502f0b35fa2d7ae2a4323e?s=48&d=mm&r=g","96":"https:\/\/secure.gravatar.com\/avatar\/7938d1851d502f0b35fa2d7ae2a4323e?s=96&d=mm&r=g"},"meta":{"_bbp_topic_count":0,"_bbp_reply_count":0,"_bbp_last_posted":0},"acf":[],"_links":{"self":[{"href":"https:\/\/extranet.who.int\/agefriendlyworld\/wp-json\/wp\/v2\/users\/935"}],"collection":[{"href":"https:\/\/extranet.who.int\/agefriendlyworld\/wp-json\/wp\/v2\/users"}]}}