{"id":919,"name":"Zapopan","url":"","description":"Licenciado en Contadur\u00eda Publica, por el Instituto Tecnol\u00f3gico y de Estudios Superiores de Occidente (ITESO), Mestr\u00eda en Pol\u00edtica en Gesti\u00f3n Publica en la misma casa de estudios. Se ha desempe\u00f1ado en la coordinaci\u00f3n de Desarrollo Econ\u00f3mico y Combate a la Desigualdad del Municipio de Zapopan, como encargado de la Direcci\u00f3n de Proyectos Sociales. Entre sus responsabilidades est\u00e1n: dise\u00f1ar y ejecutar a trav\u00e9s de sus distintas unidades programas necesarios para combatir la desigualdad social y fortalecer el desarrollo individual y colectivo de los habitantes del Municipio de Zapopan.","link":"https:\/\/extranet.who.int\/agefriendlyworld\/author\/zapopan\/","slug":"zapopan","avatar_urls":{"24":"https:\/\/secure.gravatar.com\/avatar\/d2578d82a35dc275c4cd0ddbe4bf0e7f?s=24&d=mm&r=g","48":"https:\/\/secure.gravatar.com\/avatar\/d2578d82a35dc275c4cd0ddbe4bf0e7f?s=48&d=mm&r=g","96":"https:\/\/secure.gravatar.com\/avatar\/d2578d82a35dc275c4cd0ddbe4bf0e7f?s=96&d=mm&r=g"},"meta":{"_bbp_topic_count":0,"_bbp_reply_count":0,"_bbp_last_posted":0},"acf":[],"_links":{"self":[{"href":"https:\/\/extranet.who.int\/agefriendlyworld\/wp-json\/wp\/v2\/users\/919"}],"collection":[{"href":"https:\/\/extranet.who.int\/agefriendlyworld\/wp-json\/wp\/v2\/users"}]}}