{"id":38310,"date":"2023-10-25T14:17:59","date_gmt":"2023-10-25T14:17:59","guid":{"rendered":"https:\/\/extranet.who.int\/agefriendlyworld\/?p=38310"},"modified":"2023-10-25T14:17:59","modified_gmt":"2023-10-25T14:17:59","slug":"homenagem-aos-centenarios","status":"publish","type":"post","link":"https:\/\/extranet.who.int\/agefriendlyworld\/homenagem-aos-centenarios\/","title":{"rendered":"Homenagem aos centen\u00e1rios"},"content":{"rendered":"<p>O Munic\u00edpio de Pato Branco, atrav\u00e9s do Departamento de Comunica\u00e7\u00e3o, promoveu uma homenagem as pessoas idosas com mais de 100 anos, como forma de agradecimento e respeito pela sua hist\u00f3ria com a Cidade.<\/p>\n<p><img decoding=\"async\" loading=\"lazy\" class=\"alignnone size-medium wp-image-38311\" src=\"https:\/\/extranet.who.int\/agefriendlyworld\/wp-content\/uploads\/2023\/10\/WhatsApp-Image-2023-10-16-at-12.55.50-1-300x225.jpeg\" alt=\"\" width=\"300\" height=\"225\" srcset=\"https:\/\/extranet.who.int\/agefriendlyworld\/wp-content\/uploads\/2023\/10\/WhatsApp-Image-2023-10-16-at-12.55.50-1-300x225.jpeg 300w, https:\/\/extranet.who.int\/agefriendlyworld\/wp-content\/uploads\/2023\/10\/WhatsApp-Image-2023-10-16-at-12.55.50-1-1024x768.jpeg 1024w, https:\/\/extranet.who.int\/agefriendlyworld\/wp-content\/uploads\/2023\/10\/WhatsApp-Image-2023-10-16-at-12.55.50-1-768x576.jpeg 768w, https:\/\/extranet.who.int\/agefriendlyworld\/wp-content\/uploads\/2023\/10\/WhatsApp-Image-2023-10-16-at-12.55.50-1-1536x1152.jpeg 1536w, https:\/\/extranet.who.int\/agefriendlyworld\/wp-content\/uploads\/2023\/10\/WhatsApp-Image-2023-10-16-at-12.55.50-1-400x300.jpeg 400w, https:\/\/extranet.who.int\/agefriendlyworld\/wp-content\/uploads\/2023\/10\/WhatsApp-Image-2023-10-16-at-12.55.50-1-217x163.jpeg 217w, https:\/\/extranet.who.int\/agefriendlyworld\/wp-content\/uploads\/2023\/10\/WhatsApp-Image-2023-10-16-at-12.55.50-1-150x113.jpeg 150w, https:\/\/extranet.who.int\/agefriendlyworld\/wp-content\/uploads\/2023\/10\/WhatsApp-Image-2023-10-16-at-12.55.50-1-60x45.jpeg 60w, https:\/\/extranet.who.int\/agefriendlyworld\/wp-content\/uploads\/2023\/10\/WhatsApp-Image-2023-10-16-at-12.55.50-1.jpeg 1600w\" sizes=\"(max-width: 300px) 100vw, 300px\" \/> <img decoding=\"async\" loading=\"lazy\" class=\"alignnone size-medium wp-image-38312\" src=\"https:\/\/extranet.who.int\/agefriendlyworld\/wp-content\/uploads\/2023\/10\/WhatsApp-Image-2023-10-16-at-12.55.50-300x225.jpeg\" alt=\"\" width=\"300\" height=\"225\" srcset=\"https:\/\/extranet.who.int\/agefriendlyworld\/wp-content\/uploads\/2023\/10\/WhatsApp-Image-2023-10-16-at-12.55.50-300x225.jpeg 300w, https:\/\/extranet.who.int\/agefriendlyworld\/wp-content\/uploads\/2023\/10\/WhatsApp-Image-2023-10-16-at-12.55.50-1024x768.jpeg 1024w, https:\/\/extranet.who.int\/agefriendlyworld\/wp-content\/uploads\/2023\/10\/WhatsApp-Image-2023-10-16-at-12.55.50-768x576.jpeg 768w, https:\/\/extranet.who.int\/agefriendlyworld\/wp-content\/uploads\/2023\/10\/WhatsApp-Image-2023-10-16-at-12.55.50-1536x1152.jpeg 1536w, https:\/\/extranet.who.int\/agefriendlyworld\/wp-content\/uploads\/2023\/10\/WhatsApp-Image-2023-10-16-at-12.55.50-400x300.jpeg 400w, https:\/\/extranet.who.int\/agefriendlyworld\/wp-content\/uploads\/2023\/10\/WhatsApp-Image-2023-10-16-at-12.55.50-217x163.jpeg 217w, https:\/\/extranet.who.int\/agefriendlyworld\/wp-content\/uploads\/2023\/10\/WhatsApp-Image-2023-10-16-at-12.55.50-150x113.jpeg 150w, https:\/\/extranet.who.int\/agefriendlyworld\/wp-content\/uploads\/2023\/10\/WhatsApp-Image-2023-10-16-at-12.55.50-60x45.jpeg 60w, https:\/\/extranet.who.int\/agefriendlyworld\/wp-content\/uploads\/2023\/10\/WhatsApp-Image-2023-10-16-at-12.55.50.jpeg 1600w\" sizes=\"(max-width: 300px) 100vw, 300px\" \/><\/p>\n<div style=\"width: 828px;\" class=\"wp-video\"><!--[if lt IE 9]><script>document.createElement('video');<\/script><![endif]-->\n<video class=\"wp-video-shortcode\" id=\"video-38310-1\" width=\"828\" height=\"469\" preload=\"metadata\" controls=\"controls\"><source type=\"video\/mp4\" src=\"https:\/\/extranet.who.int\/agefriendlyworld\/wp-content\/uploads\/2023\/10\/WhatsApp-Video-2023-10-16-at-12.55.51.mp4?_=1\" \/><a href=\"https:\/\/extranet.who.int\/agefriendlyworld\/wp-content\/uploads\/2023\/10\/WhatsApp-Video-2023-10-16-at-12.55.51.mp4\">https:\/\/extranet.who.int\/agefriendlyworld\/wp-content\/uploads\/2023\/10\/WhatsApp-Video-2023-10-16-at-12.55.51.mp4<\/a><\/video><\/div>\n","protected":false},"excerpt":{"rendered":"<p>O Munic\u00edpio de Pato Branco, atrav\u00e9s do Departamento de Comunica\u00e7\u00e3o, promoveu uma homenagem as pessoas idosas com mais de 100 anos, como forma de agradecimento e respeito pela sua hist\u00f3ria com a Cidade.<\/p><\/p>\n","protected":false},"author":921,"featured_media":0,"comment_status":"closed","ping_status":"closed","sticky":false,"template":"","format":"standard","meta":{"_bbp_topic_count":0,"_bbp_reply_count":0,"_bbp_total_topic_count":0,"_bbp_total_reply_count":0,"_bbp_voice_count":0,"_bbp_anonymous_reply_count":0,"_bbp_topic_count_hidden":0,"_bbp_reply_count_hidden":0,"_bbp_forum_subforum_count":0},"categories":[550,552,913],"tags":[],"acf":[],"_links":{"self":[{"href":"https:\/\/extranet.who.int\/agefriendlyworld\/wp-json\/wp\/v2\/posts\/38310"}],"collection":[{"href":"https:\/\/extranet.who.int\/agefriendlyworld\/wp-json\/wp\/v2\/posts"}],"about":[{"href":"https:\/\/extranet.who.int\/agefriendlyworld\/wp-json\/wp\/v2\/types\/post"}],"author":[{"embeddable":true,"href":"https:\/\/extranet.who.int\/agefriendlyworld\/wp-json\/wp\/v2\/users\/921"}],"replies":[{"embeddable":true,"href":"https:\/\/extranet.who.int\/agefriendlyworld\/wp-json\/wp\/v2\/comments?post=38310"}],"version-history":[{"count":1,"href":"https:\/\/extranet.who.int\/agefriendlyworld\/wp-json\/wp\/v2\/posts\/38310\/revisions"}],"predecessor-version":[{"id":38314,"href":"https:\/\/extranet.who.int\/agefriendlyworld\/wp-json\/wp\/v2\/posts\/38310\/revisions\/38314"}],"wp:attachment":[{"href":"https:\/\/extranet.who.int\/agefriendlyworld\/wp-json\/wp\/v2\/media?parent=38310"}],"wp:term":[{"taxonomy":"category","embeddable":true,"href":"https:\/\/extranet.who.int\/agefriendlyworld\/wp-json\/wp\/v2\/categories?post=38310"},{"taxonomy":"post_tag","embeddable":true,"href":"https:\/\/extranet.who.int\/agefriendlyworld\/wp-json\/wp\/v2\/tags?post=38310"}],"curies":[{"name":"wp","href":"https:\/\/api.w.org\/{rel}","templated":true}]}}