{"id":38169,"date":"2023-10-03T10:59:09","date_gmt":"2023-10-03T10:59:09","guid":{"rendered":"https:\/\/extranet.who.int\/agefriendlyworld\/?p=38169"},"modified":"2023-10-03T10:59:09","modified_gmt":"2023-10-03T10:59:09","slug":"dia-i-de-empregabilidade-de-idosos","status":"publish","type":"post","link":"https:\/\/extranet.who.int\/agefriendlyworld\/dia-i-de-empregabilidade-de-idosos\/","title":{"rendered":"Dia I de empregabilidade de Idosos"},"content":{"rendered":"<p><span style=\"vertical-align: inherit;\"><span style=\"vertical-align: inherit;\">Abrindo as comemora\u00e7\u00f5es da Semana do Idoso, a Ag\u00eancia do Trabalhador realizou o Dia I de empregabilidade de Idosos, para pessoas com 50 anos acima. <\/span><span style=\"vertical-align: inherit;\"> <\/span><\/span><\/p>\n<p><span style=\"vertical-align: inherit;\"><span style=\"vertical-align: inherit;\"> Foram 161 atendimentos, entre orienta\u00e7\u00f5es e entrevistas. <\/span><span style=\"vertical-align: inherit;\">Ainda assim, houve uma palestra sobre os Direitos do Consumidor, com o Procon Pato Branco.<\/span><\/span><\/p>\n<div style=\"width: 828px;\" class=\"wp-video\"><!--[if lt IE 9]><script>document.createElement('video');<\/script><![endif]-->\n<video class=\"wp-video-shortcode\" id=\"video-38169-1\" width=\"828\" height=\"1472\" preload=\"metadata\" controls=\"controls\"><source type=\"video\/mp4\" src=\"https:\/\/extranet.who.int\/agefriendlyworld\/wp-content\/uploads\/2023\/10\/Snapinsta.app_video_10000000_3193219517646307_5715185707241782728_n.mp4?_=1\" \/><a href=\"https:\/\/extranet.who.int\/agefriendlyworld\/wp-content\/uploads\/2023\/10\/Snapinsta.app_video_10000000_3193219517646307_5715185707241782728_n.mp4\">https:\/\/extranet.who.int\/agefriendlyworld\/wp-content\/uploads\/2023\/10\/Snapinsta.app_video_10000000_3193219517646307_5715185707241782728_n.mp4<\/a><\/video><\/div>\n","protected":false},"excerpt":{"rendered":"<p>Abrindo as comemora\u00e7\u00f5es da Semana do Idoso, a Ag\u00eancia do Trabalhador realizou o Dia I de empregabilidade de Idosos, para pessoas com 50 anos acima.  <\/p>\n<p> Foram 161 atendimentos, entre orienta\u00e7\u00f5es e entrevistas. Ainda assim, houve uma palestra sobre os Direitos do Consumidor, com o Procon Pato Branco.<\/p>\n","protected":false},"author":921,"featured_media":0,"comment_status":"closed","ping_status":"closed","sticky":false,"template":"","format":"standard","meta":{"_bbp_topic_count":0,"_bbp_reply_count":0,"_bbp_total_topic_count":0,"_bbp_total_reply_count":0,"_bbp_voice_count":0,"_bbp_anonymous_reply_count":0,"_bbp_topic_count_hidden":0,"_bbp_reply_count_hidden":0,"_bbp_forum_subforum_count":0},"categories":[550],"tags":[],"acf":[],"_links":{"self":[{"href":"https:\/\/extranet.who.int\/agefriendlyworld\/wp-json\/wp\/v2\/posts\/38169"}],"collection":[{"href":"https:\/\/extranet.who.int\/agefriendlyworld\/wp-json\/wp\/v2\/posts"}],"about":[{"href":"https:\/\/extranet.who.int\/agefriendlyworld\/wp-json\/wp\/v2\/types\/post"}],"author":[{"embeddable":true,"href":"https:\/\/extranet.who.int\/agefriendlyworld\/wp-json\/wp\/v2\/users\/921"}],"replies":[{"embeddable":true,"href":"https:\/\/extranet.who.int\/agefriendlyworld\/wp-json\/wp\/v2\/comments?post=38169"}],"version-history":[{"count":1,"href":"https:\/\/extranet.who.int\/agefriendlyworld\/wp-json\/wp\/v2\/posts\/38169\/revisions"}],"predecessor-version":[{"id":38171,"href":"https:\/\/extranet.who.int\/agefriendlyworld\/wp-json\/wp\/v2\/posts\/38169\/revisions\/38171"}],"wp:attachment":[{"href":"https:\/\/extranet.who.int\/agefriendlyworld\/wp-json\/wp\/v2\/media?parent=38169"}],"wp:term":[{"taxonomy":"category","embeddable":true,"href":"https:\/\/extranet.who.int\/agefriendlyworld\/wp-json\/wp\/v2\/categories?post=38169"},{"taxonomy":"post_tag","embeddable":true,"href":"https:\/\/extranet.who.int\/agefriendlyworld\/wp-json\/wp\/v2\/tags?post=38169"}],"curies":[{"name":"wp","href":"https:\/\/api.w.org\/{rel}","templated":true}]}}