{"id":38090,"date":"2023-09-28T14:00:28","date_gmt":"2023-09-28T14:00:28","guid":{"rendered":"https:\/\/extranet.who.int\/agefriendlyworld\/?p=38090"},"modified":"2023-09-28T14:04:43","modified_gmt":"2023-09-28T14:04:43","slug":"longevidade-saudavel","status":"publish","type":"post","link":"https:\/\/extranet.who.int\/agefriendlyworld\/longevidade-saudavel\/","title":{"rendered":"Longevidade Saud\u00e1vel em S\u00e3o Jos\u00e9 do Rio Preto-SP"},"content":{"rendered":"\n\t\t<style type=\"text\/css\">\n\t\t\t#gallery-1 {\n\t\t\t\tmargin: auto;\n\t\t\t}\n\t\t\t#gallery-1 .gallery-item {\n\t\t\t\tfloat: left;\n\t\t\t\tmargin-top: 10px;\n\t\t\t\ttext-align: center;\n\t\t\t\twidth: 33%;\n\t\t\t}\n\t\t\t#gallery-1 img {\n\t\t\t\tborder: 2px solid #cfcfcf;\n\t\t\t}\n\t\t\t#gallery-1 .gallery-caption {\n\t\t\t\tmargin-left: 0;\n\t\t\t}\n\t\t\t\/* see gallery_shortcode() in wp-includes\/media.php *\/\n\t\t<\/style>\n\t\t<div id='gallery-1' class='gallery galleryid-38090 gallery-columns-3 gallery-size-thumbnail'><dl class='gallery-item'>\n\t\t\t<dt class='gallery-icon landscape'>\n\t\t\t\t<a href='https:\/\/extranet.who.int\/agefriendlyworld\/longevidade-saudavel\/imagem3\/'><img width=\"150\" height=\"150\" src=\"https:\/\/extranet.who.int\/agefriendlyworld\/wp-content\/uploads\/2023\/09\/Imagem3-150x150.jpg\" class=\"attachment-thumbnail size-thumbnail\" alt=\"\" decoding=\"async\" loading=\"lazy\" srcset=\"https:\/\/extranet.who.int\/agefriendlyworld\/wp-content\/uploads\/2023\/09\/Imagem3-150x150.jpg 150w, https:\/\/extranet.who.int\/agefriendlyworld\/wp-content\/uploads\/2023\/09\/Imagem3-210x210.jpg 210w\" sizes=\"(max-width: 150px) 100vw, 150px\" \/><\/a>\n\t\t\t<\/dt><\/dl><dl class='gallery-item'>\n\t\t\t<dt class='gallery-icon landscape'>\n\t\t\t\t<a href='https:\/\/extranet.who.int\/agefriendlyworld\/longevidade-saudavel\/imagem2-2\/'><img width=\"150\" height=\"150\" src=\"https:\/\/extranet.who.int\/agefriendlyworld\/wp-content\/uploads\/2023\/09\/Imagem2-150x150.jpg\" class=\"attachment-thumbnail size-thumbnail\" alt=\"\" decoding=\"async\" loading=\"lazy\" srcset=\"https:\/\/extranet.who.int\/agefriendlyworld\/wp-content\/uploads\/2023\/09\/Imagem2-150x150.jpg 150w, https:\/\/extranet.who.int\/agefriendlyworld\/wp-content\/uploads\/2023\/09\/Imagem2-210x210.jpg 210w\" sizes=\"(max-width: 150px) 100vw, 150px\" \/><\/a>\n\t\t\t<\/dt><\/dl><dl class='gallery-item'>\n\t\t\t<dt class='gallery-icon landscape'>\n\t\t\t\t<a href='https:\/\/extranet.who.int\/agefriendlyworld\/longevidade-saudavel\/imagem1-2\/'><img width=\"150\" height=\"150\" src=\"https:\/\/extranet.who.int\/agefriendlyworld\/wp-content\/uploads\/2023\/09\/Imagem1-150x150.jpg\" class=\"attachment-thumbnail size-thumbnail\" alt=\"\" decoding=\"async\" loading=\"lazy\" srcset=\"https:\/\/extranet.who.int\/agefriendlyworld\/wp-content\/uploads\/2023\/09\/Imagem1-150x150.jpg 150w, https:\/\/extranet.who.int\/agefriendlyworld\/wp-content\/uploads\/2023\/09\/Imagem1-210x210.jpg 210w\" sizes=\"(max-width: 150px) 100vw, 150px\" \/><\/a>\n\t\t\t<\/dt><\/dl><br style=\"clear: both\" \/><dl class='gallery-item'>\n\t\t\t<dt class='gallery-icon landscape'>\n\t\t\t\t<a href='https:\/\/extranet.who.int\/agefriendlyworld\/whatsapp-image-2023-07-20-at-16-48-10-7\/'><img width=\"150\" height=\"150\" src=\"https:\/\/extranet.who.int\/agefriendlyworld\/wp-content\/uploads\/2023\/09\/WhatsApp-Image-2023-07-20-at-16.48.10-7-150x150.jpeg\" class=\"attachment-thumbnail size-thumbnail\" alt=\"\" decoding=\"async\" loading=\"lazy\" srcset=\"https:\/\/extranet.who.int\/agefriendlyworld\/wp-content\/uploads\/2023\/09\/WhatsApp-Image-2023-07-20-at-16.48.10-7-150x150.jpeg 150w, https:\/\/extranet.who.int\/agefriendlyworld\/wp-content\/uploads\/2023\/09\/WhatsApp-Image-2023-07-20-at-16.48.10-7-210x210.jpeg 210w\" sizes=\"(max-width: 150px) 100vw, 150px\" \/><\/a>\n\t\t\t<\/dt><\/dl><dl class='gallery-item'>\n\t\t\t<dt class='gallery-icon landscape'>\n\t\t\t\t<a href='https:\/\/extranet.who.int\/agefriendlyworld\/whatsapp-image-2023-07-20-at-16-48-10-6\/'><img width=\"150\" height=\"150\" src=\"https:\/\/extranet.who.int\/agefriendlyworld\/wp-content\/uploads\/2023\/09\/WhatsApp-Image-2023-07-20-at-16.48.10-6-150x150.jpeg\" class=\"attachment-thumbnail size-thumbnail\" alt=\"\" decoding=\"async\" loading=\"lazy\" srcset=\"https:\/\/extranet.who.int\/agefriendlyworld\/wp-content\/uploads\/2023\/09\/WhatsApp-Image-2023-07-20-at-16.48.10-6-150x150.jpeg 150w, https:\/\/extranet.who.int\/agefriendlyworld\/wp-content\/uploads\/2023\/09\/WhatsApp-Image-2023-07-20-at-16.48.10-6-210x210.jpeg 210w\" sizes=\"(max-width: 150px) 100vw, 150px\" \/><\/a>\n\t\t\t<\/dt><\/dl><dl class='gallery-item'>\n\t\t\t<dt class='gallery-icon landscape'>\n\t\t\t\t<a href='https:\/\/extranet.who.int\/agefriendlyworld\/network\/sao-jose-do-rio-preto\/whatsapp-image-2023-07-18-at-15-04-00\/'><img width=\"150\" height=\"150\" src=\"https:\/\/extranet.who.int\/agefriendlyworld\/wp-content\/uploads\/2021\/02\/WhatsApp-Image-2023-07-18-at-15.04.00-150x150.jpeg\" class=\"attachment-thumbnail size-thumbnail\" alt=\"\" decoding=\"async\" loading=\"lazy\" srcset=\"https:\/\/extranet.who.int\/agefriendlyworld\/wp-content\/uploads\/2021\/02\/WhatsApp-Image-2023-07-18-at-15.04.00-150x150.jpeg 150w, https:\/\/extranet.who.int\/agefriendlyworld\/wp-content\/uploads\/2021\/02\/WhatsApp-Image-2023-07-18-at-15.04.00-210x210.jpeg 210w\" sizes=\"(max-width: 150px) 100vw, 150px\" \/><\/a>\n\t\t\t<\/dt><\/dl><br style=\"clear: both\" \/><dl class='gallery-item'>\n\t\t\t<dt class='gallery-icon landscape'>\n\t\t\t\t<a href='https:\/\/extranet.who.int\/agefriendlyworld\/whatsapp-image-2023-07-13-at-12-43-09\/'><img width=\"150\" height=\"150\" src=\"https:\/\/extranet.who.int\/agefriendlyworld\/wp-content\/uploads\/2023\/09\/WhatsApp-Image-2023-07-13-at-12.43.09-150x150.jpeg\" class=\"attachment-thumbnail size-thumbnail\" alt=\"\" decoding=\"async\" loading=\"lazy\" srcset=\"https:\/\/extranet.who.int\/agefriendlyworld\/wp-content\/uploads\/2023\/09\/WhatsApp-Image-2023-07-13-at-12.43.09-150x150.jpeg 150w, https:\/\/extranet.who.int\/agefriendlyworld\/wp-content\/uploads\/2023\/09\/WhatsApp-Image-2023-07-13-at-12.43.09-210x210.jpeg 210w\" sizes=\"(max-width: 150px) 100vw, 150px\" \/><\/a>\n\t\t\t<\/dt><\/dl><dl class='gallery-item'>\n\t\t\t<dt class='gallery-icon landscape'>\n\t\t\t\t<a href='https:\/\/extranet.who.int\/agefriendlyworld\/whatsapp-image-2023-07-18-at-15-01-20\/'><img width=\"150\" height=\"150\" src=\"https:\/\/extranet.who.int\/agefriendlyworld\/wp-content\/uploads\/2023\/09\/WhatsApp-Image-2023-07-18-at-15.01.20-150x150.jpeg\" class=\"attachment-thumbnail size-thumbnail\" alt=\"\" decoding=\"async\" loading=\"lazy\" srcset=\"https:\/\/extranet.who.int\/agefriendlyworld\/wp-content\/uploads\/2023\/09\/WhatsApp-Image-2023-07-18-at-15.01.20-150x150.jpeg 150w, https:\/\/extranet.who.int\/agefriendlyworld\/wp-content\/uploads\/2023\/09\/WhatsApp-Image-2023-07-18-at-15.01.20-210x210.jpeg 210w\" sizes=\"(max-width: 150px) 100vw, 150px\" \/><\/a>\n\t\t\t<\/dt><\/dl>\n\t\t\t<br style='clear: both' \/>\n\t\t<\/div>\n\n<p>&nbsp;<\/p>\n<p>&nbsp;<\/p>\n<p>O\u00a0<strong>Conselho Municipal dos Direitos da Pessoa Idosa de S\u00e3o Jos\u00e9 do Rio Preto<\/strong> est\u00e1 implementando iniciativa de aten\u00e7\u00e3o e preven\u00e7\u00e3o para os cuidados de aproximadamente <strong>1.000 pessoas idosas<\/strong>, mensalmente.\u00a0 O projeto &#8220;<strong>Longevidade Saud\u00e1vel<\/strong>&#8221; \u00e9 desenvolvido pela Associa\u00e7\u00e3o de Reintegra\u00e7\u00e3o Assistencial &#8211; ARA que realiza oficinas, encontros e atividades que favorecem o envelhecimento saud\u00e1vel e a valoriza\u00e7\u00e3o da pessoa idosa, com objetivo promover o protagonismo social e a longevidade ativa da pessoa idosa de S\u00e3o Jos\u00e9 do Rio Preto.\u00a0 Os recursos s\u00e3o provenientes do Fundo Municipal dos Direitos da Pessoa Idosa, captados pelo programa destina\u00e7\u00e3o solid\u00e1ria que recebe ren\u00fancias fiscais realizadas diretamente nas declara\u00e7\u00f5es de imposto de renda e outras doa\u00e7\u00f5es, e \u00e9 operacionalizado pela Secretaria Municipal de Assist\u00eancia Social.<\/p>\n<p>As atividades acontecem diariamente em mais de 39 locais espalhados por toda a cidade. As equipes s\u00e3o formadas por profissionais multidisciplinares, como psic\u00f3logos, educadores e m\u00fasicos. Dentre as pr\u00e1ticas, s\u00e3o destaque as oficinas de mem\u00f3ria, pr\u00e1ticas corporais, ritmos, artes, al\u00e9m dos grandes &#8220;bailes&#8221; que re\u00fanem mais de 400 pessoas idosas em conviv\u00eancia e descontra\u00e7\u00e3o.<\/p>\n<p>Al\u00e9m de diversas \u00e1reas p\u00fablicas como pra\u00e7as e parques, parte das atividades s\u00e3o desenvolvidas nos Centros de Refer\u00eancia de Assist\u00eancia Social &#8211; CRAS, garantindo a\u00e7\u00f5es de conviv\u00eancia enquanto forma de prote\u00e7\u00e3o social.<\/p>\n","protected":false},"excerpt":{"rendered":"<p>&nbsp;<\/p>\n<p>&nbsp;<\/p>\n<p>O\u00a0Conselho Municipal dos Direitos da Pessoa Idosa de S\u00e3o Jos\u00e9 do Rio Preto est\u00e1 implementando iniciativa de aten\u00e7\u00e3o e preven\u00e7\u00e3o para os cuidados de aproximadamente 1.000 pessoas idosas, mensalmente.\u00a0 O projeto &#8220;Longevidade Saud\u00e1vel&#8221; \u00e9 desenvolvido pela Associa\u00e7\u00e3o de Reintegra\u00e7\u00e3o Assistencial &#8211; ARA que realiza oficinas, encontros e atividades que favorecem o envelhecimento saud\u00e1vel e a valoriza\u00e7\u00e3o da pessoa idosa, com objetivo promover o protagonismo social e a longevidade ativa da pessoa idosa de S\u00e3o Jos\u00e9 do Rio Preto.\u00a0 Os recursos s\u00e3o provenientes do Fundo Municipal dos Direitos da Pessoa Idosa, captados pelo programa destina\u00e7\u00e3o solid\u00e1ria que recebe ren\u00fancias fiscais realizadas diretamente nas declara\u00e7\u00f5es de imposto de renda e outras doa\u00e7\u00f5es, e \u00e9 operacionalizado pela Secretaria Municipal de Assist\u00eancia Social.<\/p>\n<p>As atividades acontecem diariamente em mais de 39 locais espalhados por toda a cidade. As equipes s\u00e3o formadas por profissionais multidisciplinares, como psic\u00f3logos, educadores e m\u00fasicos. Dentre as pr\u00e1ticas, s\u00e3o destaque as oficinas de mem\u00f3ria, pr\u00e1ticas corporais, ritmos, artes, al\u00e9m dos grandes &#8220;bailes&#8221; que re\u00fanem mais de 400 pessoas idosas em conviv\u00eancia e descontra\u00e7\u00e3o.<\/p>\n<p>Al\u00e9m de diversas \u00e1reas p\u00fablicas como pra\u00e7as e parques, parte das atividades s\u00e3o desenvolvidas nos Centros de Refer\u00eancia de Assist\u00eancia Social &#8211; CRAS, garantindo a\u00e7\u00f5es de conviv\u00eancia enquanto forma de prote\u00e7\u00e3o social.<\/p>\n","protected":false},"author":1571,"featured_media":38093,"comment_status":"closed","ping_status":"closed","sticky":false,"template":"","format":"standard","meta":{"_bbp_topic_count":0,"_bbp_reply_count":0,"_bbp_total_topic_count":0,"_bbp_total_reply_count":0,"_bbp_voice_count":0,"_bbp_anonymous_reply_count":0,"_bbp_topic_count_hidden":0,"_bbp_reply_count_hidden":0,"_bbp_forum_subforum_count":0},"categories":[917,550],"tags":[2645,2646,2643],"acf":[],"_links":{"self":[{"href":"https:\/\/extranet.who.int\/agefriendlyworld\/wp-json\/wp\/v2\/posts\/38090"}],"collection":[{"href":"https:\/\/extranet.who.int\/agefriendlyworld\/wp-json\/wp\/v2\/posts"}],"about":[{"href":"https:\/\/extranet.who.int\/agefriendlyworld\/wp-json\/wp\/v2\/types\/post"}],"author":[{"embeddable":true,"href":"https:\/\/extranet.who.int\/agefriendlyworld\/wp-json\/wp\/v2\/users\/1571"}],"replies":[{"embeddable":true,"href":"https:\/\/extranet.who.int\/agefriendlyworld\/wp-json\/wp\/v2\/comments?post=38090"}],"version-history":[{"count":3,"href":"https:\/\/extranet.who.int\/agefriendlyworld\/wp-json\/wp\/v2\/posts\/38090\/revisions"}],"predecessor-version":[{"id":38096,"href":"https:\/\/extranet.who.int\/agefriendlyworld\/wp-json\/wp\/v2\/posts\/38090\/revisions\/38096"}],"wp:featuredmedia":[{"embeddable":true,"href":"https:\/\/extranet.who.int\/agefriendlyworld\/wp-json\/wp\/v2\/media\/38093"}],"wp:attachment":[{"href":"https:\/\/extranet.who.int\/agefriendlyworld\/wp-json\/wp\/v2\/media?parent=38090"}],"wp:term":[{"taxonomy":"category","embeddable":true,"href":"https:\/\/extranet.who.int\/agefriendlyworld\/wp-json\/wp\/v2\/categories?post=38090"},{"taxonomy":"post_tag","embeddable":true,"href":"https:\/\/extranet.who.int\/agefriendlyworld\/wp-json\/wp\/v2\/tags?post=38090"}],"curies":[{"name":"wp","href":"https:\/\/api.w.org\/{rel}","templated":true}]}}