{"id":24716,"date":"2020-02-26T16:26:15","date_gmt":"2020-02-26T16:26:15","guid":{"rendered":"https:\/\/agefriendlyworld.local.org\/?p=24716"},"modified":"2020-02-26T16:27:52","modified_gmt":"2020-02-26T16:27:52","slug":"encerramento-do-curso-de-informatica","status":"publish","type":"post","link":"https:\/\/extranet.who.int\/agefriendlyworld\/encerramento-do-curso-de-informatica\/","title":{"rendered":"Encerramento do curso de Inform\u00e1tica"},"content":{"rendered":"<p>Aconteceu na tarde desta segunda-feira (16\/12\/2019), no Largo da Liberdade, o encerramento do curso de inform\u00e1tica, promovido atrav\u00e9s do Programa Viver-Envelhecimento Ativo e Saud\u00e1vel, lan\u00e7ado em setembro deste ano, com o objetivo de inserir a pessoa idosa no mundo digital. O espa\u00e7o \u00e9 gerenciado pelas secretarias municipais de Assist\u00eancia Social; Esporte e Lazer e; Ci\u00eancia, Tecnologia e Inova\u00e7\u00e3o e, conta com oito computadores, oito webcams, um projetor de imagem e uma impressora.<\/p>\n<p><img decoding=\"async\" loading=\"lazy\" class=\"alignnone size-medium wp-image-24717\" src=\"https:\/\/extranet.who.int\/agefriendlyworld\/wp-content\/uploads\/2020\/02\/80034373_2606317562784735_2454572675792633856_o-300x200.jpg\" alt=\"\" width=\"300\" height=\"200\" srcset=\"https:\/\/extranet.who.int\/agefriendlyworld\/wp-content\/uploads\/2020\/02\/80034373_2606317562784735_2454572675792633856_o-300x200.jpg 300w, https:\/\/extranet.who.int\/agefriendlyworld\/wp-content\/uploads\/2020\/02\/80034373_2606317562784735_2454572675792633856_o-1024x683.jpg 1024w, https:\/\/extranet.who.int\/agefriendlyworld\/wp-content\/uploads\/2020\/02\/80034373_2606317562784735_2454572675792633856_o-768x512.jpg 768w, https:\/\/extranet.who.int\/agefriendlyworld\/wp-content\/uploads\/2020\/02\/80034373_2606317562784735_2454572675792633856_o-600x400.jpg 600w, https:\/\/extranet.who.int\/agefriendlyworld\/wp-content\/uploads\/2020\/02\/80034373_2606317562784735_2454572675792633856_o-1536x1024.jpg 1536w, https:\/\/extranet.who.int\/agefriendlyworld\/wp-content\/uploads\/2020\/02\/80034373_2606317562784735_2454572675792633856_o-450x300.jpg 450w, https:\/\/extranet.who.int\/agefriendlyworld\/wp-content\/uploads\/2020\/02\/80034373_2606317562784735_2454572675792633856_o-244x163.jpg 244w, https:\/\/extranet.who.int\/agefriendlyworld\/wp-content\/uploads\/2020\/02\/80034373_2606317562784735_2454572675792633856_o-150x100.jpg 150w, https:\/\/extranet.who.int\/agefriendlyworld\/wp-content\/uploads\/2020\/02\/80034373_2606317562784735_2454572675792633856_o-60x40.jpg 60w, https:\/\/extranet.who.int\/agefriendlyworld\/wp-content\/uploads\/2020\/02\/80034373_2606317562784735_2454572675792633856_o-488x326.jpg 488w, https:\/\/extranet.who.int\/agefriendlyworld\/wp-content\/uploads\/2020\/02\/80034373_2606317562784735_2454572675792633856_o-272x182.jpg 272w, https:\/\/extranet.who.int\/agefriendlyworld\/wp-content\/uploads\/2020\/02\/80034373_2606317562784735_2454572675792633856_o.jpg 2048w\" sizes=\"(max-width: 300px) 100vw, 300px\" \/> <img decoding=\"async\" loading=\"lazy\" class=\"alignnone size-medium wp-image-24718\" src=\"https:\/\/extranet.who.int\/agefriendlyworld\/wp-content\/uploads\/2020\/02\/80069726_2606317949451363_4656953951525011456_o-300x200.jpg\" alt=\"\" width=\"300\" height=\"200\" srcset=\"https:\/\/extranet.who.int\/agefriendlyworld\/wp-content\/uploads\/2020\/02\/80069726_2606317949451363_4656953951525011456_o-300x200.jpg 300w, https:\/\/extranet.who.int\/agefriendlyworld\/wp-content\/uploads\/2020\/02\/80069726_2606317949451363_4656953951525011456_o-1024x683.jpg 1024w, https:\/\/extranet.who.int\/agefriendlyworld\/wp-content\/uploads\/2020\/02\/80069726_2606317949451363_4656953951525011456_o-768x512.jpg 768w, https:\/\/extranet.who.int\/agefriendlyworld\/wp-content\/uploads\/2020\/02\/80069726_2606317949451363_4656953951525011456_o-600x400.jpg 600w, https:\/\/extranet.who.int\/agefriendlyworld\/wp-content\/uploads\/2020\/02\/80069726_2606317949451363_4656953951525011456_o-1536x1024.jpg 1536w, https:\/\/extranet.who.int\/agefriendlyworld\/wp-content\/uploads\/2020\/02\/80069726_2606317949451363_4656953951525011456_o-450x300.jpg 450w, https:\/\/extranet.who.int\/agefriendlyworld\/wp-content\/uploads\/2020\/02\/80069726_2606317949451363_4656953951525011456_o-244x163.jpg 244w, https:\/\/extranet.who.int\/agefriendlyworld\/wp-content\/uploads\/2020\/02\/80069726_2606317949451363_4656953951525011456_o-150x100.jpg 150w, https:\/\/extranet.who.int\/agefriendlyworld\/wp-content\/uploads\/2020\/02\/80069726_2606317949451363_4656953951525011456_o-60x40.jpg 60w, https:\/\/extranet.who.int\/agefriendlyworld\/wp-content\/uploads\/2020\/02\/80069726_2606317949451363_4656953951525011456_o-488x326.jpg 488w, https:\/\/extranet.who.int\/agefriendlyworld\/wp-content\/uploads\/2020\/02\/80069726_2606317949451363_4656953951525011456_o-272x182.jpg 272w, https:\/\/extranet.who.int\/agefriendlyworld\/wp-content\/uploads\/2020\/02\/80069726_2606317949451363_4656953951525011456_o.jpg 2048w\" sizes=\"(max-width: 300px) 100vw, 300px\" \/> <img decoding=\"async\" loading=\"lazy\" class=\"alignnone size-medium wp-image-24719\" src=\"https:\/\/extranet.who.int\/agefriendlyworld\/wp-content\/uploads\/2020\/02\/80651781_2606317619451396_6236162174419468288_o-300x200.jpg\" alt=\"\" width=\"300\" height=\"200\" srcset=\"https:\/\/extranet.who.int\/agefriendlyworld\/wp-content\/uploads\/2020\/02\/80651781_2606317619451396_6236162174419468288_o-300x200.jpg 300w, https:\/\/extranet.who.int\/agefriendlyworld\/wp-content\/uploads\/2020\/02\/80651781_2606317619451396_6236162174419468288_o-1024x683.jpg 1024w, https:\/\/extranet.who.int\/agefriendlyworld\/wp-content\/uploads\/2020\/02\/80651781_2606317619451396_6236162174419468288_o-768x512.jpg 768w, https:\/\/extranet.who.int\/agefriendlyworld\/wp-content\/uploads\/2020\/02\/80651781_2606317619451396_6236162174419468288_o-600x400.jpg 600w, https:\/\/extranet.who.int\/agefriendlyworld\/wp-content\/uploads\/2020\/02\/80651781_2606317619451396_6236162174419468288_o-1536x1024.jpg 1536w, https:\/\/extranet.who.int\/agefriendlyworld\/wp-content\/uploads\/2020\/02\/80651781_2606317619451396_6236162174419468288_o-450x300.jpg 450w, https:\/\/extranet.who.int\/agefriendlyworld\/wp-content\/uploads\/2020\/02\/80651781_2606317619451396_6236162174419468288_o-244x163.jpg 244w, https:\/\/extranet.who.int\/agefriendlyworld\/wp-content\/uploads\/2020\/02\/80651781_2606317619451396_6236162174419468288_o-150x100.jpg 150w, https:\/\/extranet.who.int\/agefriendlyworld\/wp-content\/uploads\/2020\/02\/80651781_2606317619451396_6236162174419468288_o-60x40.jpg 60w, https:\/\/extranet.who.int\/agefriendlyworld\/wp-content\/uploads\/2020\/02\/80651781_2606317619451396_6236162174419468288_o-488x326.jpg 488w, https:\/\/extranet.who.int\/agefriendlyworld\/wp-content\/uploads\/2020\/02\/80651781_2606317619451396_6236162174419468288_o-272x182.jpg 272w, https:\/\/extranet.who.int\/agefriendlyworld\/wp-content\/uploads\/2020\/02\/80651781_2606317619451396_6236162174419468288_o.jpg 2048w\" sizes=\"(max-width: 300px) 100vw, 300px\" \/><\/p>\n","protected":false},"excerpt":{"rendered":"<p>Aconteceu na tarde desta segunda-feira (16\/12\/2019), no Largo da Liberdade, o encerramento do curso de inform\u00e1tica, promovido atrav\u00e9s do Programa Viver-Envelhecimento Ativo e Saud\u00e1vel, lan\u00e7ado em setembro deste ano, com o objetivo de inserir a pessoa idosa no mundo digital. O espa\u00e7o \u00e9 gerenciado pelas secretarias municipais de Assist\u00eancia Social; Esporte e Lazer e; Ci\u00eancia, Tecnologia e Inova\u00e7\u00e3o e, conta com oito computadores, oito webcams, um projetor de imagem e uma impressora.<\/p><\/p>\n","protected":false},"author":921,"featured_media":0,"comment_status":"closed","ping_status":"open","sticky":false,"template":"","format":"standard","meta":{"_bbp_topic_count":0,"_bbp_reply_count":0,"_bbp_total_topic_count":0,"_bbp_total_reply_count":0,"_bbp_voice_count":0,"_bbp_anonymous_reply_count":0,"_bbp_topic_count_hidden":0,"_bbp_reply_count_hidden":0,"_bbp_forum_subforum_count":0},"categories":[550],"tags":[],"acf":[],"_links":{"self":[{"href":"https:\/\/extranet.who.int\/agefriendlyworld\/wp-json\/wp\/v2\/posts\/24716"}],"collection":[{"href":"https:\/\/extranet.who.int\/agefriendlyworld\/wp-json\/wp\/v2\/posts"}],"about":[{"href":"https:\/\/extranet.who.int\/agefriendlyworld\/wp-json\/wp\/v2\/types\/post"}],"author":[{"embeddable":true,"href":"https:\/\/extranet.who.int\/agefriendlyworld\/wp-json\/wp\/v2\/users\/921"}],"replies":[{"embeddable":true,"href":"https:\/\/extranet.who.int\/agefriendlyworld\/wp-json\/wp\/v2\/comments?post=24716"}],"version-history":[{"count":1,"href":"https:\/\/extranet.who.int\/agefriendlyworld\/wp-json\/wp\/v2\/posts\/24716\/revisions"}],"predecessor-version":[{"id":24720,"href":"https:\/\/extranet.who.int\/agefriendlyworld\/wp-json\/wp\/v2\/posts\/24716\/revisions\/24720"}],"wp:attachment":[{"href":"https:\/\/extranet.who.int\/agefriendlyworld\/wp-json\/wp\/v2\/media?parent=24716"}],"wp:term":[{"taxonomy":"category","embeddable":true,"href":"https:\/\/extranet.who.int\/agefriendlyworld\/wp-json\/wp\/v2\/categories?post=24716"},{"taxonomy":"post_tag","embeddable":true,"href":"https:\/\/extranet.who.int\/agefriendlyworld\/wp-json\/wp\/v2\/tags?post=24716"}],"curies":[{"name":"wp","href":"https:\/\/api.w.org\/{rel}","templated":true}]}}