{"id":21567,"date":"2019-10-08T11:43:49","date_gmt":"2019-10-08T11:43:49","guid":{"rendered":"https:\/\/agefriendlyworld.local.org\/?p=21567"},"modified":"2019-10-08T11:43:49","modified_gmt":"2019-10-08T11:43:49","slug":"semana-da-patria","status":"publish","type":"post","link":"https:\/\/extranet.who.int\/agefriendlyworld\/semana-da-patria\/","title":{"rendered":"Semana da P\u00e1tria"},"content":{"rendered":"<p>Nesta sexta-feira (06\/09\/2019), as celebra\u00e7\u00f5es itinerantes da Semana da P\u00e1tria, promovidas pela Secretaria Municipal de Educa\u00e7\u00e3o e Cultura, foram realizadas no CEU das Artes e do Esporte e, contou com apresenta\u00e7\u00e3o dos alunos da Escola Municipal Alvorada, Escola Municipal Santos Dumont e pelo Grupo de M\u00fasicos de Idosos do CEU das Artes e do Esporte. Neste s\u00e1bado (07), acontece o tradicional desfile c\u00edvico, com in\u00edcio a partir das 9h, na Pra\u00e7a Presidente Vargas. Esperamos voc\u00ea! &#x1f499;&#x1f49b;&#x1f49a; Mais informa\u00e7\u00f5es sobre a Semana da P\u00e1tria em: https:\/\/bit.ly\/345CQOP<\/p>\n<p><img decoding=\"async\" loading=\"lazy\" class=\"alignnone size-medium wp-image-21568\" src=\"https:\/\/extranet.who.int\/agefriendlyworld\/wp-content\/uploads\/2019\/10\/69965802_2400010310082129_4765271235728769024_o-300x200.jpg\" alt=\"\" width=\"300\" height=\"200\" srcset=\"https:\/\/extranet.who.int\/agefriendlyworld\/wp-content\/uploads\/2019\/10\/69965802_2400010310082129_4765271235728769024_o-300x200.jpg 300w, https:\/\/extranet.who.int\/agefriendlyworld\/wp-content\/uploads\/2019\/10\/69965802_2400010310082129_4765271235728769024_o-768x512.jpg 768w, https:\/\/extranet.who.int\/agefriendlyworld\/wp-content\/uploads\/2019\/10\/69965802_2400010310082129_4765271235728769024_o-1024x683.jpg 1024w, https:\/\/extranet.who.int\/agefriendlyworld\/wp-content\/uploads\/2019\/10\/69965802_2400010310082129_4765271235728769024_o-600x400.jpg 600w, https:\/\/extranet.who.int\/agefriendlyworld\/wp-content\/uploads\/2019\/10\/69965802_2400010310082129_4765271235728769024_o-450x300.jpg 450w, https:\/\/extranet.who.int\/agefriendlyworld\/wp-content\/uploads\/2019\/10\/69965802_2400010310082129_4765271235728769024_o-244x163.jpg 244w, https:\/\/extranet.who.int\/agefriendlyworld\/wp-content\/uploads\/2019\/10\/69965802_2400010310082129_4765271235728769024_o-150x100.jpg 150w, https:\/\/extranet.who.int\/agefriendlyworld\/wp-content\/uploads\/2019\/10\/69965802_2400010310082129_4765271235728769024_o-60x40.jpg 60w, https:\/\/extranet.who.int\/agefriendlyworld\/wp-content\/uploads\/2019\/10\/69965802_2400010310082129_4765271235728769024_o-488x326.jpg 488w, https:\/\/extranet.who.int\/agefriendlyworld\/wp-content\/uploads\/2019\/10\/69965802_2400010310082129_4765271235728769024_o-272x182.jpg 272w, https:\/\/extranet.who.int\/agefriendlyworld\/wp-content\/uploads\/2019\/10\/69965802_2400010310082129_4765271235728769024_o.jpg 2048w\" sizes=\"(max-width: 300px) 100vw, 300px\" \/> <img decoding=\"async\" loading=\"lazy\" class=\"alignnone size-medium wp-image-21569\" src=\"https:\/\/extranet.who.int\/agefriendlyworld\/wp-content\/uploads\/2019\/10\/70395907_2400010393415454_4696129001066856448_o-300x200.jpg\" alt=\"\" width=\"300\" height=\"200\" srcset=\"https:\/\/extranet.who.int\/agefriendlyworld\/wp-content\/uploads\/2019\/10\/70395907_2400010393415454_4696129001066856448_o-300x200.jpg 300w, https:\/\/extranet.who.int\/agefriendlyworld\/wp-content\/uploads\/2019\/10\/70395907_2400010393415454_4696129001066856448_o-768x512.jpg 768w, https:\/\/extranet.who.int\/agefriendlyworld\/wp-content\/uploads\/2019\/10\/70395907_2400010393415454_4696129001066856448_o-1024x683.jpg 1024w, https:\/\/extranet.who.int\/agefriendlyworld\/wp-content\/uploads\/2019\/10\/70395907_2400010393415454_4696129001066856448_o-600x400.jpg 600w, https:\/\/extranet.who.int\/agefriendlyworld\/wp-content\/uploads\/2019\/10\/70395907_2400010393415454_4696129001066856448_o-450x300.jpg 450w, https:\/\/extranet.who.int\/agefriendlyworld\/wp-content\/uploads\/2019\/10\/70395907_2400010393415454_4696129001066856448_o-244x163.jpg 244w, https:\/\/extranet.who.int\/agefriendlyworld\/wp-content\/uploads\/2019\/10\/70395907_2400010393415454_4696129001066856448_o-150x100.jpg 150w, https:\/\/extranet.who.int\/agefriendlyworld\/wp-content\/uploads\/2019\/10\/70395907_2400010393415454_4696129001066856448_o-60x40.jpg 60w, https:\/\/extranet.who.int\/agefriendlyworld\/wp-content\/uploads\/2019\/10\/70395907_2400010393415454_4696129001066856448_o-488x326.jpg 488w, https:\/\/extranet.who.int\/agefriendlyworld\/wp-content\/uploads\/2019\/10\/70395907_2400010393415454_4696129001066856448_o-272x182.jpg 272w, https:\/\/extranet.who.int\/agefriendlyworld\/wp-content\/uploads\/2019\/10\/70395907_2400010393415454_4696129001066856448_o.jpg 2048w\" sizes=\"(max-width: 300px) 100vw, 300px\" \/><\/p>\n","protected":false},"excerpt":{"rendered":"<p>Nesta sexta-feira (06\/09\/2019), as celebra\u00e7\u00f5es itinerantes da Semana da P\u00e1tria, promovidas pela Secretaria Municipal de Educa\u00e7\u00e3o e Cultura, foram realizadas no CEU das Artes e do Esporte e, contou com apresenta\u00e7\u00e3o dos alunos da Escola Municipal Alvorada, Escola Municipal Santos Dumont e pelo Grupo de M\u00fasicos de Idosos do CEU das Artes e do Esporte. Neste s\u00e1bado (07), acontece o tradicional desfile c\u00edvico, com in\u00edcio a partir das 9h, na Pra\u00e7a Presidente Vargas. Esperamos voc\u00ea! &#x1f499;&#x1f49b;&#x1f49a; Mais informa\u00e7\u00f5es sobre a Semana da P\u00e1tria em: https:\/\/bit.ly\/345CQOP<\/p><\/p>\n","protected":false},"author":921,"featured_media":0,"comment_status":"closed","ping_status":"open","sticky":false,"template":"","format":"standard","meta":{"_bbp_topic_count":0,"_bbp_reply_count":0,"_bbp_total_topic_count":0,"_bbp_total_reply_count":0,"_bbp_voice_count":0,"_bbp_anonymous_reply_count":0,"_bbp_topic_count_hidden":0,"_bbp_reply_count_hidden":0,"_bbp_forum_subforum_count":0},"categories":[550],"tags":[],"acf":[],"_links":{"self":[{"href":"https:\/\/extranet.who.int\/agefriendlyworld\/wp-json\/wp\/v2\/posts\/21567"}],"collection":[{"href":"https:\/\/extranet.who.int\/agefriendlyworld\/wp-json\/wp\/v2\/posts"}],"about":[{"href":"https:\/\/extranet.who.int\/agefriendlyworld\/wp-json\/wp\/v2\/types\/post"}],"author":[{"embeddable":true,"href":"https:\/\/extranet.who.int\/agefriendlyworld\/wp-json\/wp\/v2\/users\/921"}],"replies":[{"embeddable":true,"href":"https:\/\/extranet.who.int\/agefriendlyworld\/wp-json\/wp\/v2\/comments?post=21567"}],"version-history":[{"count":1,"href":"https:\/\/extranet.who.int\/agefriendlyworld\/wp-json\/wp\/v2\/posts\/21567\/revisions"}],"predecessor-version":[{"id":21570,"href":"https:\/\/extranet.who.int\/agefriendlyworld\/wp-json\/wp\/v2\/posts\/21567\/revisions\/21570"}],"wp:attachment":[{"href":"https:\/\/extranet.who.int\/agefriendlyworld\/wp-json\/wp\/v2\/media?parent=21567"}],"wp:term":[{"taxonomy":"category","embeddable":true,"href":"https:\/\/extranet.who.int\/agefriendlyworld\/wp-json\/wp\/v2\/categories?post=21567"},{"taxonomy":"post_tag","embeddable":true,"href":"https:\/\/extranet.who.int\/agefriendlyworld\/wp-json\/wp\/v2\/tags?post=21567"}],"curies":[{"name":"wp","href":"https:\/\/api.w.org\/{rel}","templated":true}]}}