{"id":21175,"date":"2019-09-05T12:18:04","date_gmt":"2019-09-05T12:18:04","guid":{"rendered":"https:\/\/agefriendlyworld.local.org\/?p=21175"},"modified":"2019-09-05T12:18:04","modified_gmt":"2019-09-05T12:18:04","slug":"atividade-intergeracional","status":"publish","type":"post","link":"https:\/\/extranet.who.int\/agefriendlyworld\/atividade-intergeracional\/","title":{"rendered":"Atividade Intergeracional"},"content":{"rendered":"<p>As crian\u00e7as do Remanso da Pedreira participaram, nesta ter\u00e7a-feira (03\/09\/2019), de uma a\u00e7\u00e3o intergeracional, com os idosos do Espa\u00e7o de Conviv\u00eancia da Pessoa Idosa. A atividade \u00e9 promovida pela Secretaria Municipal de Assist\u00eancia Social e faz parte do cronograma de a\u00e7\u00f5es da Cidade Amiga do Idoso.<\/p>\n<p><img decoding=\"async\" loading=\"lazy\" class=\"alignnone size-medium wp-image-21177\" src=\"https:\/\/extranet.who.int\/agefriendlyworld\/wp-content\/uploads\/2019\/09\/69666738_2396395257110301_472115647128535040_n-300x169.jpg\" alt=\"\" width=\"300\" height=\"169\" srcset=\"https:\/\/extranet.who.int\/agefriendlyworld\/wp-content\/uploads\/2019\/09\/69666738_2396395257110301_472115647128535040_n-300x169.jpg 300w, https:\/\/extranet.who.int\/agefriendlyworld\/wp-content\/uploads\/2019\/09\/69666738_2396395257110301_472115647128535040_n-768x432.jpg 768w, https:\/\/extranet.who.int\/agefriendlyworld\/wp-content\/uploads\/2019\/09\/69666738_2396395257110301_472115647128535040_n-600x338.jpg 600w, https:\/\/extranet.who.int\/agefriendlyworld\/wp-content\/uploads\/2019\/09\/69666738_2396395257110301_472115647128535040_n-533x300.jpg 533w, https:\/\/extranet.who.int\/agefriendlyworld\/wp-content\/uploads\/2019\/09\/69666738_2396395257110301_472115647128535040_n-244x137.jpg 244w, https:\/\/extranet.who.int\/agefriendlyworld\/wp-content\/uploads\/2019\/09\/69666738_2396395257110301_472115647128535040_n-150x84.jpg 150w, https:\/\/extranet.who.int\/agefriendlyworld\/wp-content\/uploads\/2019\/09\/69666738_2396395257110301_472115647128535040_n-60x34.jpg 60w, https:\/\/extranet.who.int\/agefriendlyworld\/wp-content\/uploads\/2019\/09\/69666738_2396395257110301_472115647128535040_n.jpg 960w\" sizes=\"(max-width: 300px) 100vw, 300px\" \/> <img decoding=\"async\" loading=\"lazy\" class=\"alignnone size-medium wp-image-21178\" src=\"https:\/\/extranet.who.int\/agefriendlyworld\/wp-content\/uploads\/2019\/09\/70376330_2396395260443634_2923470761056272384_o-300x169.jpg\" alt=\"\" width=\"300\" height=\"169\" srcset=\"https:\/\/extranet.who.int\/agefriendlyworld\/wp-content\/uploads\/2019\/09\/70376330_2396395260443634_2923470761056272384_o-300x169.jpg 300w, https:\/\/extranet.who.int\/agefriendlyworld\/wp-content\/uploads\/2019\/09\/70376330_2396395260443634_2923470761056272384_o-768x432.jpg 768w, https:\/\/extranet.who.int\/agefriendlyworld\/wp-content\/uploads\/2019\/09\/70376330_2396395260443634_2923470761056272384_o-1024x576.jpg 1024w, https:\/\/extranet.who.int\/agefriendlyworld\/wp-content\/uploads\/2019\/09\/70376330_2396395260443634_2923470761056272384_o-600x338.jpg 600w, https:\/\/extranet.who.int\/agefriendlyworld\/wp-content\/uploads\/2019\/09\/70376330_2396395260443634_2923470761056272384_o-533x300.jpg 533w, https:\/\/extranet.who.int\/agefriendlyworld\/wp-content\/uploads\/2019\/09\/70376330_2396395260443634_2923470761056272384_o-244x137.jpg 244w, https:\/\/extranet.who.int\/agefriendlyworld\/wp-content\/uploads\/2019\/09\/70376330_2396395260443634_2923470761056272384_o-150x84.jpg 150w, https:\/\/extranet.who.int\/agefriendlyworld\/wp-content\/uploads\/2019\/09\/70376330_2396395260443634_2923470761056272384_o-60x34.jpg 60w, https:\/\/extranet.who.int\/agefriendlyworld\/wp-content\/uploads\/2019\/09\/70376330_2396395260443634_2923470761056272384_o.jpg 1040w\" sizes=\"(max-width: 300px) 100vw, 300px\" \/><\/p>\n","protected":false},"excerpt":{"rendered":"<p>As crian\u00e7as do Remanso da Pedreira participaram, nesta ter\u00e7a-feira (03\/09\/2019), de uma a\u00e7\u00e3o intergeracional, com os idosos do Espa\u00e7o de Conviv\u00eancia da Pessoa Idosa. A atividade \u00e9 promovida pela Secretaria Municipal de Assist\u00eancia Social e faz parte do cronograma de a\u00e7\u00f5es da Cidade Amiga do Idoso.<\/p><\/p>\n","protected":false},"author":921,"featured_media":0,"comment_status":"closed","ping_status":"open","sticky":false,"template":"","format":"standard","meta":{"_bbp_topic_count":0,"_bbp_reply_count":0,"_bbp_total_topic_count":0,"_bbp_total_reply_count":0,"_bbp_voice_count":0,"_bbp_anonymous_reply_count":0,"_bbp_topic_count_hidden":0,"_bbp_reply_count_hidden":0,"_bbp_forum_subforum_count":0},"categories":[550],"tags":[],"acf":[],"_links":{"self":[{"href":"https:\/\/extranet.who.int\/agefriendlyworld\/wp-json\/wp\/v2\/posts\/21175"}],"collection":[{"href":"https:\/\/extranet.who.int\/agefriendlyworld\/wp-json\/wp\/v2\/posts"}],"about":[{"href":"https:\/\/extranet.who.int\/agefriendlyworld\/wp-json\/wp\/v2\/types\/post"}],"author":[{"embeddable":true,"href":"https:\/\/extranet.who.int\/agefriendlyworld\/wp-json\/wp\/v2\/users\/921"}],"replies":[{"embeddable":true,"href":"https:\/\/extranet.who.int\/agefriendlyworld\/wp-json\/wp\/v2\/comments?post=21175"}],"version-history":[{"count":1,"href":"https:\/\/extranet.who.int\/agefriendlyworld\/wp-json\/wp\/v2\/posts\/21175\/revisions"}],"predecessor-version":[{"id":21179,"href":"https:\/\/extranet.who.int\/agefriendlyworld\/wp-json\/wp\/v2\/posts\/21175\/revisions\/21179"}],"wp:attachment":[{"href":"https:\/\/extranet.who.int\/agefriendlyworld\/wp-json\/wp\/v2\/media?parent=21175"}],"wp:term":[{"taxonomy":"category","embeddable":true,"href":"https:\/\/extranet.who.int\/agefriendlyworld\/wp-json\/wp\/v2\/categories?post=21175"},{"taxonomy":"post_tag","embeddable":true,"href":"https:\/\/extranet.who.int\/agefriendlyworld\/wp-json\/wp\/v2\/tags?post=21175"}],"curies":[{"name":"wp","href":"https:\/\/api.w.org\/{rel}","templated":true}]}}