{"id":19106,"date":"2019-04-18T10:56:35","date_gmt":"2019-04-18T10:56:35","guid":{"rendered":"https:\/\/agefriendlyworld.local.org\/?p=19106"},"modified":"2019-04-18T10:57:43","modified_gmt":"2019-04-18T10:57:43","slug":"atividade-intergeracional-lacos-de-ternura","status":"publish","type":"post","link":"https:\/\/extranet.who.int\/agefriendlyworld\/atividade-intergeracional-lacos-de-ternura\/","title":{"rendered":"Atividade intergeracional &#8220;La\u00e7os de Ternura&#8221;"},"content":{"rendered":"<p>A Secretaria de Assist\u00eancia Social, em parceria com o Remanso da Pedreira, desenvolveu o projeto \u201cLa\u00e7os de Ternura\u201d, onde pretendeu-se fortalecer os v\u00ednculos comunit\u00e1rios, proporcionando a troca de experi\u00eancias, promovendo a socializa\u00e7\u00e3o e a conviv\u00eancia entre as gera\u00e7\u00f5es.<br \/>\nO primeiro encontro da atividade aconteceu nesta semana, entre os idosos atendidos pelo Espa\u00e7o de Conviv\u00eancia da Pessoa Idosa e as crian\u00e7as que frequentam a institui\u00e7\u00e3o Remanso da Pedreira. A socializa\u00e7\u00e3o acontece por meio de atividades que possam ser cumpridas pelo idoso e pelas crian\u00e7as, com a troca de hist\u00f3rias e brincadeiras antigas e novas.<\/p>\n<p><img decoding=\"async\" loading=\"lazy\" class=\"alignnone size-medium wp-image-19107\" src=\"https:\/\/extranet.who.int\/agefriendlyworld\/wp-content\/uploads\/2019\/04\/57239079_2164655743617588_6721917993435004928_o-300x169.jpg\" alt=\"\" width=\"300\" height=\"169\" srcset=\"https:\/\/extranet.who.int\/agefriendlyworld\/wp-content\/uploads\/2019\/04\/57239079_2164655743617588_6721917993435004928_o-300x169.jpg 300w, https:\/\/extranet.who.int\/agefriendlyworld\/wp-content\/uploads\/2019\/04\/57239079_2164655743617588_6721917993435004928_o-768x432.jpg 768w, https:\/\/extranet.who.int\/agefriendlyworld\/wp-content\/uploads\/2019\/04\/57239079_2164655743617588_6721917993435004928_o-1024x576.jpg 1024w, https:\/\/extranet.who.int\/agefriendlyworld\/wp-content\/uploads\/2019\/04\/57239079_2164655743617588_6721917993435004928_o-600x338.jpg 600w, https:\/\/extranet.who.int\/agefriendlyworld\/wp-content\/uploads\/2019\/04\/57239079_2164655743617588_6721917993435004928_o-533x300.jpg 533w, https:\/\/extranet.who.int\/agefriendlyworld\/wp-content\/uploads\/2019\/04\/57239079_2164655743617588_6721917993435004928_o-244x137.jpg 244w, https:\/\/extranet.who.int\/agefriendlyworld\/wp-content\/uploads\/2019\/04\/57239079_2164655743617588_6721917993435004928_o-150x84.jpg 150w, https:\/\/extranet.who.int\/agefriendlyworld\/wp-content\/uploads\/2019\/04\/57239079_2164655743617588_6721917993435004928_o-60x34.jpg 60w, https:\/\/extranet.who.int\/agefriendlyworld\/wp-content\/uploads\/2019\/04\/57239079_2164655743617588_6721917993435004928_o.jpg 1040w\" sizes=\"(max-width: 300px) 100vw, 300px\" \/><\/p>\n","protected":false},"excerpt":{"rendered":"<p>A Secretaria de Assist\u00eancia Social, em parceria com o Remanso da Pedreira, desenvolveu o projeto \u201cLa\u00e7os de Ternura\u201d, onde pretendeu-se fortalecer os v\u00ednculos comunit\u00e1rios, proporcionando a troca de experi\u00eancias, promovendo a socializa\u00e7\u00e3o e a conviv\u00eancia entre as gera\u00e7\u00f5es.<br \/>\nO primeiro encontro da atividade aconteceu nesta semana, entre os idosos atendidos pelo Espa\u00e7o de Conviv\u00eancia da Pessoa Idosa e as crian\u00e7as que frequentam a institui\u00e7\u00e3o Remanso da Pedreira. A socializa\u00e7\u00e3o acontece por meio de atividades que possam ser cumpridas pelo idoso e pelas crian\u00e7as, com a troca de hist\u00f3rias e brincadeiras antigas e novas.<\/p><\/p>\n","protected":false},"author":921,"featured_media":0,"comment_status":"closed","ping_status":"open","sticky":false,"template":"","format":"standard","meta":{"_bbp_topic_count":0,"_bbp_reply_count":0,"_bbp_total_topic_count":0,"_bbp_total_reply_count":0,"_bbp_voice_count":0,"_bbp_anonymous_reply_count":0,"_bbp_topic_count_hidden":0,"_bbp_reply_count_hidden":0,"_bbp_forum_subforum_count":0},"categories":[550],"tags":[],"acf":[],"_links":{"self":[{"href":"https:\/\/extranet.who.int\/agefriendlyworld\/wp-json\/wp\/v2\/posts\/19106"}],"collection":[{"href":"https:\/\/extranet.who.int\/agefriendlyworld\/wp-json\/wp\/v2\/posts"}],"about":[{"href":"https:\/\/extranet.who.int\/agefriendlyworld\/wp-json\/wp\/v2\/types\/post"}],"author":[{"embeddable":true,"href":"https:\/\/extranet.who.int\/agefriendlyworld\/wp-json\/wp\/v2\/users\/921"}],"replies":[{"embeddable":true,"href":"https:\/\/extranet.who.int\/agefriendlyworld\/wp-json\/wp\/v2\/comments?post=19106"}],"version-history":[{"count":2,"href":"https:\/\/extranet.who.int\/agefriendlyworld\/wp-json\/wp\/v2\/posts\/19106\/revisions"}],"predecessor-version":[{"id":19109,"href":"https:\/\/extranet.who.int\/agefriendlyworld\/wp-json\/wp\/v2\/posts\/19106\/revisions\/19109"}],"wp:attachment":[{"href":"https:\/\/extranet.who.int\/agefriendlyworld\/wp-json\/wp\/v2\/media?parent=19106"}],"wp:term":[{"taxonomy":"category","embeddable":true,"href":"https:\/\/extranet.who.int\/agefriendlyworld\/wp-json\/wp\/v2\/categories?post=19106"},{"taxonomy":"post_tag","embeddable":true,"href":"https:\/\/extranet.who.int\/agefriendlyworld\/wp-json\/wp\/v2\/tags?post=19106"}],"curies":[{"name":"wp","href":"https:\/\/api.w.org\/{rel}","templated":true}]}}