{"id":18914,"date":"2019-04-05T15:22:30","date_gmt":"2019-04-05T15:22:30","guid":{"rendered":"https:\/\/agefriendlyworld.local.org\/?p=18914"},"modified":"2019-04-05T15:23:47","modified_gmt":"2019-04-05T15:23:47","slug":"18914-2","status":"publish","type":"post","link":"https:\/\/extranet.who.int\/agefriendlyworld\/18914-2\/","title":{"rendered":"Reconhecimento pelo Programa Cidade e Comunidades Amig\u00e1veis com a Pessoa Idosa"},"content":{"rendered":"<p>Na sess\u00e3o deliberativa de segunda-feira (01) foram entregues\u00a0 Mo\u00e7\u00f5es de Aplauso, de autoria dos vereadores Vilmar Maccari (PDT) e \u00a0Marines Boff Gerhardt (PSDB). Os homenageados foram a deputada federal Leandre Dal Ponte , a secret\u00e1ria municipal de A\u00e7\u00e3o Social, Anne Cristine Gomes da Silva Cavali, e estendida a todos os funcion\u00e1rios municipais envolvidos, Conselho Municipal dos Direitos do Idoso,\u00a0 Concei\u00e7\u00e3o de Maria Barroso Ritizmann, Presidente Comiss\u00e3o Rot\u00e1ria, Ivan Orlandini, Comit\u00ea Gestor e Universidade Tecnol\u00f3gica Federal do Paran\u00e1 (UTFPR), Neimar Follmann, pela certifica\u00e7\u00e3o de Cidade\u00a0 Amiga do Idoso.<\/p>\n<p>Os homenageados agradeceram a reconhecimento \u00a0e defenderam \u00e0 amplia\u00e7\u00e3o das a\u00e7\u00f5es em prol da pessoa idosa.<\/p>\n<p><strong>Entenda<\/strong><\/p>\n<p>No ano de 2018, Pato Branco recebeu a certifica\u00e7\u00e3o no Programa Cidade e Comunidades Amig\u00e1veis com a Pessoa Idosa, concedida pela Organiza\u00e7\u00e3o Panamericana da Sa\u00fade (OPAS) e pela Organiza\u00e7\u00e3o Mundial da Sa\u00fade (OMS). A cidade \u00a0\u00e9 o quarto<strong>\u00a0<\/strong>\u00a0munic\u00edpio do Brasil e o primeiro no Estado do Paran\u00e1 a receber essa certifica\u00e7\u00e3o.<\/p>\n<p>Entre as conquistas que contribu\u00edram para que Pato Branco fosse o terceiro munic\u00edpio do Brasil e o primeiro no Paran\u00e1 a receber a certifica\u00e7\u00e3o, h\u00e1 o reconhecimento enquanto 11\u00aa melhor cidade para envelhecer no Brasil, considerando munic\u00edpios com popula\u00e7\u00e3o entre 50 mil e 100 mil habitantes, em estudo divulgado pela Exame.com.<\/p>\n<p>Destaque, ainda, para a cria\u00e7\u00e3o do Fundo Municipal do Idoso e do site (atrav\u00e9s da Secretaria de Ci\u00eancia, Tecnologia e Inova\u00e7\u00e3o), com informa\u00e7\u00f5es e possibilidade de doa\u00e7\u00f5es a serem deduzidas no imposto de renda.<\/p>\n","protected":false},"excerpt":{"rendered":"<p>Na sess\u00e3o deliberativa de segunda-feira (01) foram entregues\u00a0 Mo\u00e7\u00f5es de Aplauso, de autoria dos vereadores Vilmar Maccari (PDT) e \u00a0Marines Boff Gerhardt (PSDB). Os homenageados foram a deputada federal Leandre Dal Ponte , a secret\u00e1ria municipal de A\u00e7\u00e3o Social, Anne Cristine Gomes da Silva Cavali, e estendida a todos os funcion\u00e1rios municipais envolvidos, Conselho Municipal dos Direitos do Idoso,\u00a0 Concei\u00e7\u00e3o de Maria Barroso Ritizmann, Presidente Comiss\u00e3o Rot\u00e1ria, Ivan Orlandini, Comit\u00ea Gestor e Universidade Tecnol\u00f3gica Federal do Paran\u00e1 (UTFPR), Neimar Follmann, pela certifica\u00e7\u00e3o de Cidade\u00a0 Amiga do Idoso.<\/p>\n<p>Os homenageados agradeceram a reconhecimento \u00a0e defenderam \u00e0 amplia\u00e7\u00e3o das a\u00e7\u00f5es em prol da pessoa idosa.<\/p>\n<p>Entenda<\/p>\n<p>No ano de 2018, Pato Branco recebeu a certifica\u00e7\u00e3o no Programa Cidade e Comunidades Amig\u00e1veis com a Pessoa Idosa, concedida pela Organiza\u00e7\u00e3o Panamericana da Sa\u00fade (OPAS) e pela Organiza\u00e7\u00e3o Mundial da Sa\u00fade (OMS). A cidade \u00a0\u00e9 o quarto\u00a0\u00a0munic\u00edpio do Brasil e o primeiro no Estado do Paran\u00e1 a receber essa certifica\u00e7\u00e3o.<\/p>\n<p>Entre as conquistas que contribu\u00edram para que Pato Branco fosse o terceiro munic\u00edpio do Brasil e o primeiro no Paran\u00e1 a receber a certifica\u00e7\u00e3o, h\u00e1 o reconhecimento enquanto 11\u00aa melhor cidade para envelhecer no Brasil, considerando munic\u00edpios com popula\u00e7\u00e3o entre 50 mil e 100 mil habitantes, em estudo divulgado pela Exame.com.<\/p>\n<p>Destaque, ainda, para a cria\u00e7\u00e3o do Fundo Municipal do Idoso e do site (atrav\u00e9s da Secretaria de Ci\u00eancia, Tecnologia e Inova\u00e7\u00e3o), com informa\u00e7\u00f5es e possibilidade de doa\u00e7\u00f5es a serem deduzidas no imposto de renda.<\/p>\n","protected":false},"author":921,"featured_media":0,"comment_status":"closed","ping_status":"open","sticky":false,"template":"","format":"standard","meta":{"_bbp_topic_count":0,"_bbp_reply_count":0,"_bbp_total_topic_count":0,"_bbp_total_reply_count":0,"_bbp_voice_count":0,"_bbp_anonymous_reply_count":0,"_bbp_topic_count_hidden":0,"_bbp_reply_count_hidden":0,"_bbp_forum_subforum_count":0},"categories":[550],"tags":[],"acf":[],"_links":{"self":[{"href":"https:\/\/extranet.who.int\/agefriendlyworld\/wp-json\/wp\/v2\/posts\/18914"}],"collection":[{"href":"https:\/\/extranet.who.int\/agefriendlyworld\/wp-json\/wp\/v2\/posts"}],"about":[{"href":"https:\/\/extranet.who.int\/agefriendlyworld\/wp-json\/wp\/v2\/types\/post"}],"author":[{"embeddable":true,"href":"https:\/\/extranet.who.int\/agefriendlyworld\/wp-json\/wp\/v2\/users\/921"}],"replies":[{"embeddable":true,"href":"https:\/\/extranet.who.int\/agefriendlyworld\/wp-json\/wp\/v2\/comments?post=18914"}],"version-history":[{"count":3,"href":"https:\/\/extranet.who.int\/agefriendlyworld\/wp-json\/wp\/v2\/posts\/18914\/revisions"}],"predecessor-version":[{"id":18918,"href":"https:\/\/extranet.who.int\/agefriendlyworld\/wp-json\/wp\/v2\/posts\/18914\/revisions\/18918"}],"wp:attachment":[{"href":"https:\/\/extranet.who.int\/agefriendlyworld\/wp-json\/wp\/v2\/media?parent=18914"}],"wp:term":[{"taxonomy":"category","embeddable":true,"href":"https:\/\/extranet.who.int\/agefriendlyworld\/wp-json\/wp\/v2\/categories?post=18914"},{"taxonomy":"post_tag","embeddable":true,"href":"https:\/\/extranet.who.int\/agefriendlyworld\/wp-json\/wp\/v2\/tags?post=18914"}],"curies":[{"name":"wp","href":"https:\/\/api.w.org\/{rel}","templated":true}]}}