{"id":15292,"date":"2018-08-29T04:33:58","date_gmt":"2018-08-29T04:33:58","guid":{"rendered":"https:\/\/agefriendlyworld.local.org\/?p=15292"},"modified":"2018-08-29T04:33:58","modified_gmt":"2018-08-29T04:33:58","slug":"activity-senior-council-opole-city-second-term-2016","status":"publish","type":"post","link":"https:\/\/extranet.who.int\/agefriendlyworld\/activity-senior-council-opole-city-second-term-2016\/","title":{"rendered":"Activity of the Senior Council of Opole City in the second term &#8211; 2016"},"content":{"rendered":"<p>The Senior Council took steps aimed at defining objectives to be fulfilled within the current term. 18.02.2016 and 11.04.2016 Ms Iwona Niedojad\u0142o, senior policy coordinator, organized and chaired Senior Council workshops with the object of establishing an activity scheme which resulted in passing a resolution 2\/2016 dated 6 May 2016 to be implemented in the forthcoming future.<\/p>\n<p>The Council determined a new vision of the city as follows: \u201e Opole is the all-friendly city that takes into consideration various needs of its citizens with the respect of their age accordingly.\u201d<\/p>\n<p><strong>Our mission<\/strong>: \u201cRepresenting senior community towards local authorities as the presidential advisory body\u201d<\/p>\n<p><strong>Our aim<\/strong>: \u201cImproving living conditions of the senior citizens in Opole\u201d along with minor objectives.<\/p>\n<p>The council presidency sets a range of tasks to be carried out within a six-month course and makes assessment of their implementation as well as accomplishment on a yearly basis in summary workshops.<\/p>\n<p>\u201cOptimists of Opole\u201d &#8211; an informal group of two Council members and senior policy coordinator \u2013 tabled proposal \u201cSenior Councils Meeting of\u00a0 Opole Region\u201d to be performed under Citizen Initiative Fund. The group included as follows: Iwona Niedojad\u0142o, Leokadia Kubala\u0144ca and Teresa Soko\u0142owska. Their agenda was approved and proceeded for further implementation.<\/p>\n<p>8-9 July 2016 Student Culture Centre in Opole held a meeting featuring representatives of senior councils from all over the region. Both lectures and workshops were conducted on a voluntary basis by the chair people mentioned above.<\/p>\n<p>Two days of common efforts were gathered in booklet \u201cLet\u2019s Go Professional. Regional Senior Council Meeting\u201d then published in two forms &#8211; traditional and electronic. The text was sent to all participants afterwards.<\/p>\n<p>Senior Council submitted for approval two projects for the Local Citizen Budget. First of them tabled along with six senior clubs called \u201cWhen the Sun of Life Is About to Set, Let\u2019s Involve Them, Not Forget.\u201d They applied for additional finance for existing senior clubs as well as starting two new ones.<\/p>\n<p>The second project was rendered in cooperation with \u201cOpole na TAK\u201d Society. It revolved around setting up various types of \u201ctheme\u201d benches (musical, green, common, conversational, narrow etc.) around the city squares, along streets, and at the outskirts.<\/p>\n<p>The Senior Council took an active part in implementation and proliferation of \u201cEnvelope of Life\u201d featuring one\u2019s health data required for medical rescue services that help single elderly and disabled people.<\/p>\n<p>The Council also participated in a very active way in holding Senior Days as well as Easter Meal that took place in Opole Market round the City Hall<\/p>\n<p>&nbsp;<\/p>\n<p>It was also our idea dating back to 2016 to start Senior Days from a street parade led by our friend, Maria Bia\u0142ek dressed in traditional local costume presenting various historical periods.<\/p>\n<p>Furthermore, the Council started a series of meetings in senior nursing homes as well as educational trips and cultural occasions. We were present at the events as follows: II National Meeting of Senior Centre Representatives in Pozna\u0144, Trade Fair \u201cVIVA Senior,\u201d National Congress of Senior Councils in Krak\u00f3w, and III National Gathering of Senior Centre Representatives in Opole<\/p>\n<p>&nbsp;<\/p>\n<p>We took part in designing the Senior Council website located in vortal \u201cSenior in Opole\u201d as well as played an active role in Senior Trade Fair in Opole Centre for International Conferences and Entertainment.<\/p>\n<p>One of the goals we managed to achieve was to become prime mover and financial backer of the annual \u201cSaint Andrew\u2019s Day 60+\u201d celebrations.<\/p>\n<p>Under the decision of the City President there was established Information and Educational Centre \u201cSenior in Opole.\u201d At that time a new facility chosen by the Council was still under construction.<\/p>\n<p>In summary, the second term of Senior Council was a very active time, full of events that gave cause for great satisfaction and joy amongst our members.<\/p>\n<p><img decoding=\"async\" loading=\"lazy\" class=\"alignnone size-medium wp-image-15294\" src=\"https:\/\/extranet.who.int\/agefriendlyworld\/wp-content\/uploads\/2018\/08\/Dni_Seniora-2016-300x225.jpg\" alt=\"\" width=\"300\" height=\"225\" srcset=\"https:\/\/extranet.who.int\/agefriendlyworld\/wp-content\/uploads\/2018\/08\/Dni_Seniora-2016-300x225.jpg 300w, https:\/\/extranet.who.int\/agefriendlyworld\/wp-content\/uploads\/2018\/08\/Dni_Seniora-2016-768x576.jpg 768w, https:\/\/extranet.who.int\/agefriendlyworld\/wp-content\/uploads\/2018\/08\/Dni_Seniora-2016-1024x768.jpg 1024w, https:\/\/extranet.who.int\/agefriendlyworld\/wp-content\/uploads\/2018\/08\/Dni_Seniora-2016-600x450.jpg 600w, https:\/\/extranet.who.int\/agefriendlyworld\/wp-content\/uploads\/2018\/08\/Dni_Seniora-2016-400x300.jpg 400w, https:\/\/extranet.who.int\/agefriendlyworld\/wp-content\/uploads\/2018\/08\/Dni_Seniora-2016-217x163.jpg 217w, https:\/\/extranet.who.int\/agefriendlyworld\/wp-content\/uploads\/2018\/08\/Dni_Seniora-2016-150x113.jpg 150w, https:\/\/extranet.who.int\/agefriendlyworld\/wp-content\/uploads\/2018\/08\/Dni_Seniora-2016-60x45.jpg 60w\" sizes=\"(max-width: 300px) 100vw, 300px\" \/><img decoding=\"async\" loading=\"lazy\" class=\"alignnone size-medium wp-image-15295\" src=\"https:\/\/extranet.who.int\/agefriendlyworld\/wp-content\/uploads\/2018\/08\/Budowa-strategii_warsztaty4-300x225.jpg\" alt=\"\" width=\"300\" height=\"225\" srcset=\"https:\/\/extranet.who.int\/agefriendlyworld\/wp-content\/uploads\/2018\/08\/Budowa-strategii_warsztaty4-300x225.jpg 300w, https:\/\/extranet.who.int\/agefriendlyworld\/wp-content\/uploads\/2018\/08\/Budowa-strategii_warsztaty4-768x576.jpg 768w, https:\/\/extranet.who.int\/agefriendlyworld\/wp-content\/uploads\/2018\/08\/Budowa-strategii_warsztaty4-1024x768.jpg 1024w, https:\/\/extranet.who.int\/agefriendlyworld\/wp-content\/uploads\/2018\/08\/Budowa-strategii_warsztaty4-600x450.jpg 600w, https:\/\/extranet.who.int\/agefriendlyworld\/wp-content\/uploads\/2018\/08\/Budowa-strategii_warsztaty4-400x300.jpg 400w, https:\/\/extranet.who.int\/agefriendlyworld\/wp-content\/uploads\/2018\/08\/Budowa-strategii_warsztaty4-217x163.jpg 217w, https:\/\/extranet.who.int\/agefriendlyworld\/wp-content\/uploads\/2018\/08\/Budowa-strategii_warsztaty4-150x113.jpg 150w, https:\/\/extranet.who.int\/agefriendlyworld\/wp-content\/uploads\/2018\/08\/Budowa-strategii_warsztaty4-60x45.jpg 60w\" sizes=\"(max-width: 300px) 100vw, 300px\" \/><img decoding=\"async\" loading=\"lazy\" class=\"alignnone size-medium wp-image-15296\" src=\"https:\/\/extranet.who.int\/agefriendlyworld\/wp-content\/uploads\/2018\/08\/Spotkanie-Centr\u00f3w-Seniora-w-Opolu-300x169.jpg\" alt=\"\" width=\"300\" height=\"169\" srcset=\"https:\/\/extranet.who.int\/agefriendlyworld\/wp-content\/uploads\/2018\/08\/Spotkanie-Centr\u00f3w-Seniora-w-Opolu-300x169.jpg 300w, https:\/\/extranet.who.int\/agefriendlyworld\/wp-content\/uploads\/2018\/08\/Spotkanie-Centr\u00f3w-Seniora-w-Opolu-768x432.jpg 768w, https:\/\/extranet.who.int\/agefriendlyworld\/wp-content\/uploads\/2018\/08\/Spotkanie-Centr\u00f3w-Seniora-w-Opolu-1024x576.jpg 1024w, https:\/\/extranet.who.int\/agefriendlyworld\/wp-content\/uploads\/2018\/08\/Spotkanie-Centr\u00f3w-Seniora-w-Opolu-600x337.jpg 600w, https:\/\/extranet.who.int\/agefriendlyworld\/wp-content\/uploads\/2018\/08\/Spotkanie-Centr\u00f3w-Seniora-w-Opolu-534x300.jpg 534w, https:\/\/extranet.who.int\/agefriendlyworld\/wp-content\/uploads\/2018\/08\/Spotkanie-Centr\u00f3w-Seniora-w-Opolu-244x137.jpg 244w, https:\/\/extranet.who.int\/agefriendlyworld\/wp-content\/uploads\/2018\/08\/Spotkanie-Centr\u00f3w-Seniora-w-Opolu-150x84.jpg 150w, https:\/\/extranet.who.int\/agefriendlyworld\/wp-content\/uploads\/2018\/08\/Spotkanie-Centr\u00f3w-Seniora-w-Opolu-60x34.jpg 60w\" sizes=\"(max-width: 300px) 100vw, 300px\" \/><img decoding=\"async\" loading=\"lazy\" class=\"alignnone size-medium wp-image-15297\" src=\"https:\/\/extranet.who.int\/agefriendlyworld\/wp-content\/uploads\/2018\/08\/Spotkanie-rad-sen.woj_.opol_.2-300x199.jpg\" alt=\"\" width=\"300\" height=\"199\" srcset=\"https:\/\/extranet.who.int\/agefriendlyworld\/wp-content\/uploads\/2018\/08\/Spotkanie-rad-sen.woj_.opol_.2-300x199.jpg 300w, https:\/\/extranet.who.int\/agefriendlyworld\/wp-content\/uploads\/2018\/08\/Spotkanie-rad-sen.woj_.opol_.2-768x511.jpg 768w, https:\/\/extranet.who.int\/agefriendlyworld\/wp-content\/uploads\/2018\/08\/Spotkanie-rad-sen.woj_.opol_.2-1024x681.jpg 1024w, https:\/\/extranet.who.int\/agefriendlyworld\/wp-content\/uploads\/2018\/08\/Spotkanie-rad-sen.woj_.opol_.2-600x399.jpg 600w, https:\/\/extranet.who.int\/agefriendlyworld\/wp-content\/uploads\/2018\/08\/Spotkanie-rad-sen.woj_.opol_.2-451x300.jpg 451w, https:\/\/extranet.who.int\/agefriendlyworld\/wp-content\/uploads\/2018\/08\/Spotkanie-rad-sen.woj_.opol_.2-244x163.jpg 244w, https:\/\/extranet.who.int\/agefriendlyworld\/wp-content\/uploads\/2018\/08\/Spotkanie-rad-sen.woj_.opol_.2-150x100.jpg 150w, https:\/\/extranet.who.int\/agefriendlyworld\/wp-content\/uploads\/2018\/08\/Spotkanie-rad-sen.woj_.opol_.2-60x40.jpg 60w, https:\/\/extranet.who.int\/agefriendlyworld\/wp-content\/uploads\/2018\/08\/Spotkanie-rad-sen.woj_.opol_.2-246x162.jpg 246w\" sizes=\"(max-width: 300px) 100vw, 300px\" \/><img decoding=\"async\" loading=\"lazy\" class=\"alignnone size-medium wp-image-15298\" src=\"https:\/\/extranet.who.int\/agefriendlyworld\/wp-content\/uploads\/2018\/08\/Spotkanie-wigilijne-z-Prezydentem-Miasta-3-300x171.jpg\" alt=\"\" width=\"300\" height=\"171\" srcset=\"https:\/\/extranet.who.int\/agefriendlyworld\/wp-content\/uploads\/2018\/08\/Spotkanie-wigilijne-z-Prezydentem-Miasta-3-300x171.jpg 300w, https:\/\/extranet.who.int\/agefriendlyworld\/wp-content\/uploads\/2018\/08\/Spotkanie-wigilijne-z-Prezydentem-Miasta-3-768x437.jpg 768w, https:\/\/extranet.who.int\/agefriendlyworld\/wp-content\/uploads\/2018\/08\/Spotkanie-wigilijne-z-Prezydentem-Miasta-3-1024x582.jpg 1024w, https:\/\/extranet.who.int\/agefriendlyworld\/wp-content\/uploads\/2018\/08\/Spotkanie-wigilijne-z-Prezydentem-Miasta-3-600x341.jpg 600w, https:\/\/extranet.who.int\/agefriendlyworld\/wp-content\/uploads\/2018\/08\/Spotkanie-wigilijne-z-Prezydentem-Miasta-3-528x300.jpg 528w, https:\/\/extranet.who.int\/agefriendlyworld\/wp-content\/uploads\/2018\/08\/Spotkanie-wigilijne-z-Prezydentem-Miasta-3-244x139.jpg 244w, https:\/\/extranet.who.int\/agefriendlyworld\/wp-content\/uploads\/2018\/08\/Spotkanie-wigilijne-z-Prezydentem-Miasta-3-150x85.jpg 150w, https:\/\/extranet.who.int\/agefriendlyworld\/wp-content\/uploads\/2018\/08\/Spotkanie-wigilijne-z-Prezydentem-Miasta-3-60x34.jpg 60w, https:\/\/extranet.who.int\/agefriendlyworld\/wp-content\/uploads\/2018\/08\/Spotkanie-wigilijne-z-Prezydentem-Miasta-3.jpg 1115w\" sizes=\"(max-width: 300px) 100vw, 300px\" \/><img decoding=\"async\" loading=\"lazy\" class=\"alignnone size-medium wp-image-15299\" src=\"https:\/\/extranet.who.int\/agefriendlyworld\/wp-content\/uploads\/2018\/08\/Spotkanie-rad-sen.-woj.opol_.4-300x199.jpg\" alt=\"\" width=\"300\" height=\"199\" srcset=\"https:\/\/extranet.who.int\/agefriendlyworld\/wp-content\/uploads\/2018\/08\/Spotkanie-rad-sen.-woj.opol_.4-300x199.jpg 300w, https:\/\/extranet.who.int\/agefriendlyworld\/wp-content\/uploads\/2018\/08\/Spotkanie-rad-sen.-woj.opol_.4-768x511.jpg 768w, https:\/\/extranet.who.int\/agefriendlyworld\/wp-content\/uploads\/2018\/08\/Spotkanie-rad-sen.-woj.opol_.4-1024x681.jpg 1024w, https:\/\/extranet.who.int\/agefriendlyworld\/wp-content\/uploads\/2018\/08\/Spotkanie-rad-sen.-woj.opol_.4-600x399.jpg 600w, https:\/\/extranet.who.int\/agefriendlyworld\/wp-content\/uploads\/2018\/08\/Spotkanie-rad-sen.-woj.opol_.4-451x300.jpg 451w, https:\/\/extranet.who.int\/agefriendlyworld\/wp-content\/uploads\/2018\/08\/Spotkanie-rad-sen.-woj.opol_.4-244x163.jpg 244w, https:\/\/extranet.who.int\/agefriendlyworld\/wp-content\/uploads\/2018\/08\/Spotkanie-rad-sen.-woj.opol_.4-150x100.jpg 150w, https:\/\/extranet.who.int\/agefriendlyworld\/wp-content\/uploads\/2018\/08\/Spotkanie-rad-sen.-woj.opol_.4-60x40.jpg 60w, https:\/\/extranet.who.int\/agefriendlyworld\/wp-content\/uploads\/2018\/08\/Spotkanie-rad-sen.-woj.opol_.4-246x162.jpg 246w\" sizes=\"(max-width: 300px) 100vw, 300px\" \/><img decoding=\"async\" loading=\"lazy\" class=\"alignnone size-medium wp-image-15300\" src=\"https:\/\/extranet.who.int\/agefriendlyworld\/wp-content\/uploads\/2018\/08\/Koperta-\u017cycia-300x225.jpg\" alt=\"\" width=\"300\" height=\"225\" srcset=\"https:\/\/extranet.who.int\/agefriendlyworld\/wp-content\/uploads\/2018\/08\/Koperta-\u017cycia-300x225.jpg 300w, https:\/\/extranet.who.int\/agefriendlyworld\/wp-content\/uploads\/2018\/08\/Koperta-\u017cycia-768x576.jpg 768w, https:\/\/extranet.who.int\/agefriendlyworld\/wp-content\/uploads\/2018\/08\/Koperta-\u017cycia-1024x768.jpg 1024w, https:\/\/extranet.who.int\/agefriendlyworld\/wp-content\/uploads\/2018\/08\/Koperta-\u017cycia-600x450.jpg 600w, https:\/\/extranet.who.int\/agefriendlyworld\/wp-content\/uploads\/2018\/08\/Koperta-\u017cycia-400x300.jpg 400w, https:\/\/extranet.who.int\/agefriendlyworld\/wp-content\/uploads\/2018\/08\/Koperta-\u017cycia-217x163.jpg 217w, https:\/\/extranet.who.int\/agefriendlyworld\/wp-content\/uploads\/2018\/08\/Koperta-\u017cycia-150x113.jpg 150w, https:\/\/extranet.who.int\/agefriendlyworld\/wp-content\/uploads\/2018\/08\/Koperta-\u017cycia-60x45.jpg 60w\" sizes=\"(max-width: 300px) 100vw, 300px\" \/><img decoding=\"async\" loading=\"lazy\" class=\"alignnone size-medium wp-image-15301\" src=\"https:\/\/extranet.who.int\/agefriendlyworld\/wp-content\/uploads\/2018\/08\/W-Poznaniu-300x225.jpg\" alt=\"\" width=\"300\" height=\"225\" srcset=\"https:\/\/extranet.who.int\/agefriendlyworld\/wp-content\/uploads\/2018\/08\/W-Poznaniu-300x225.jpg 300w, https:\/\/extranet.who.int\/agefriendlyworld\/wp-content\/uploads\/2018\/08\/W-Poznaniu-768x576.jpg 768w, https:\/\/extranet.who.int\/agefriendlyworld\/wp-content\/uploads\/2018\/08\/W-Poznaniu-1024x768.jpg 1024w, https:\/\/extranet.who.int\/agefriendlyworld\/wp-content\/uploads\/2018\/08\/W-Poznaniu-600x450.jpg 600w, https:\/\/extranet.who.int\/agefriendlyworld\/wp-content\/uploads\/2018\/08\/W-Poznaniu-400x300.jpg 400w, https:\/\/extranet.who.int\/agefriendlyworld\/wp-content\/uploads\/2018\/08\/W-Poznaniu-217x163.jpg 217w, https:\/\/extranet.who.int\/agefriendlyworld\/wp-content\/uploads\/2018\/08\/W-Poznaniu-150x113.jpg 150w, https:\/\/extranet.who.int\/agefriendlyworld\/wp-content\/uploads\/2018\/08\/W-Poznaniu-60x45.jpg 60w\" sizes=\"(max-width: 300px) 100vw, 300px\" \/><img decoding=\"async\" loading=\"lazy\" class=\"alignnone size-medium wp-image-15303\" src=\"https:\/\/extranet.who.int\/agefriendlyworld\/wp-content\/uploads\/2018\/08\/W-Poznaniu3-1-300x225.jpg\" alt=\"\" width=\"300\" height=\"225\" srcset=\"https:\/\/extranet.who.int\/agefriendlyworld\/wp-content\/uploads\/2018\/08\/W-Poznaniu3-1-300x225.jpg 300w, https:\/\/extranet.who.int\/agefriendlyworld\/wp-content\/uploads\/2018\/08\/W-Poznaniu3-1-768x576.jpg 768w, https:\/\/extranet.who.int\/agefriendlyworld\/wp-content\/uploads\/2018\/08\/W-Poznaniu3-1-1024x768.jpg 1024w, https:\/\/extranet.who.int\/agefriendlyworld\/wp-content\/uploads\/2018\/08\/W-Poznaniu3-1-600x450.jpg 600w, https:\/\/extranet.who.int\/agefriendlyworld\/wp-content\/uploads\/2018\/08\/W-Poznaniu3-1-400x300.jpg 400w, https:\/\/extranet.who.int\/agefriendlyworld\/wp-content\/uploads\/2018\/08\/W-Poznaniu3-1-217x163.jpg 217w, https:\/\/extranet.who.int\/agefriendlyworld\/wp-content\/uploads\/2018\/08\/W-Poznaniu3-1-150x113.jpg 150w, https:\/\/extranet.who.int\/agefriendlyworld\/wp-content\/uploads\/2018\/08\/W-Poznaniu3-1-60x45.jpg 60w\" sizes=\"(max-width: 300px) 100vw, 300px\" \/> <img decoding=\"async\" loading=\"lazy\" class=\"alignnone size-medium wp-image-15305\" src=\"https:\/\/extranet.who.int\/agefriendlyworld\/wp-content\/uploads\/2018\/08\/Spotkanie-wigilijne-z-Prezydentem-Miasta-300x199.jpg\" alt=\"\" width=\"300\" height=\"199\" srcset=\"https:\/\/extranet.who.int\/agefriendlyworld\/wp-content\/uploads\/2018\/08\/Spotkanie-wigilijne-z-Prezydentem-Miasta-300x199.jpg 300w, https:\/\/extranet.who.int\/agefriendlyworld\/wp-content\/uploads\/2018\/08\/Spotkanie-wigilijne-z-Prezydentem-Miasta-768x510.jpg 768w, https:\/\/extranet.who.int\/agefriendlyworld\/wp-content\/uploads\/2018\/08\/Spotkanie-wigilijne-z-Prezydentem-Miasta-600x399.jpg 600w, https:\/\/extranet.who.int\/agefriendlyworld\/wp-content\/uploads\/2018\/08\/Spotkanie-wigilijne-z-Prezydentem-Miasta-451x300.jpg 451w, https:\/\/extranet.who.int\/agefriendlyworld\/wp-content\/uploads\/2018\/08\/Spotkanie-wigilijne-z-Prezydentem-Miasta-244x163.jpg 244w, https:\/\/extranet.who.int\/agefriendlyworld\/wp-content\/uploads\/2018\/08\/Spotkanie-wigilijne-z-Prezydentem-Miasta-150x100.jpg 150w, https:\/\/extranet.who.int\/agefriendlyworld\/wp-content\/uploads\/2018\/08\/Spotkanie-wigilijne-z-Prezydentem-Miasta-60x40.jpg 60w, https:\/\/extranet.who.int\/agefriendlyworld\/wp-content\/uploads\/2018\/08\/Spotkanie-wigilijne-z-Prezydentem-Miasta-246x162.jpg 246w, https:\/\/extranet.who.int\/agefriendlyworld\/wp-content\/uploads\/2018\/08\/Spotkanie-wigilijne-z-Prezydentem-Miasta.jpg 954w\" sizes=\"(max-width: 300px) 100vw, 300px\" \/><img decoding=\"async\" loading=\"lazy\" class=\"alignnone size-medium wp-image-15306\" src=\"https:\/\/extranet.who.int\/agefriendlyworld\/wp-content\/uploads\/2018\/08\/Zabawa-Andrzejkowa6-300x199.jpg\" alt=\"\" width=\"300\" height=\"199\" srcset=\"https:\/\/extranet.who.int\/agefriendlyworld\/wp-content\/uploads\/2018\/08\/Zabawa-Andrzejkowa6-300x199.jpg 300w, https:\/\/extranet.who.int\/agefriendlyworld\/wp-content\/uploads\/2018\/08\/Zabawa-Andrzejkowa6-768x511.jpg 768w, https:\/\/extranet.who.int\/agefriendlyworld\/wp-content\/uploads\/2018\/08\/Zabawa-Andrzejkowa6-1024x681.jpg 1024w, https:\/\/extranet.who.int\/agefriendlyworld\/wp-content\/uploads\/2018\/08\/Zabawa-Andrzejkowa6-600x399.jpg 600w, https:\/\/extranet.who.int\/agefriendlyworld\/wp-content\/uploads\/2018\/08\/Zabawa-Andrzejkowa6-451x300.jpg 451w, https:\/\/extranet.who.int\/agefriendlyworld\/wp-content\/uploads\/2018\/08\/Zabawa-Andrzejkowa6-244x163.jpg 244w, https:\/\/extranet.who.int\/agefriendlyworld\/wp-content\/uploads\/2018\/08\/Zabawa-Andrzejkowa6-150x100.jpg 150w, https:\/\/extranet.who.int\/agefriendlyworld\/wp-content\/uploads\/2018\/08\/Zabawa-Andrzejkowa6-60x40.jpg 60w, https:\/\/extranet.who.int\/agefriendlyworld\/wp-content\/uploads\/2018\/08\/Zabawa-Andrzejkowa6-246x162.jpg 246w\" sizes=\"(max-width: 300px) 100vw, 300px\" \/><img decoding=\"async\" loading=\"lazy\" class=\"alignnone size-medium wp-image-15307\" src=\"https:\/\/extranet.who.int\/agefriendlyworld\/wp-content\/uploads\/2018\/08\/Zabawa-Andrzejkowa5-300x199.jpg\" alt=\"\" width=\"300\" height=\"199\" srcset=\"https:\/\/extranet.who.int\/agefriendlyworld\/wp-content\/uploads\/2018\/08\/Zabawa-Andrzejkowa5-300x199.jpg 300w, https:\/\/extranet.who.int\/agefriendlyworld\/wp-content\/uploads\/2018\/08\/Zabawa-Andrzejkowa5-768x511.jpg 768w, https:\/\/extranet.who.int\/agefriendlyworld\/wp-content\/uploads\/2018\/08\/Zabawa-Andrzejkowa5-1024x681.jpg 1024w, https:\/\/extranet.who.int\/agefriendlyworld\/wp-content\/uploads\/2018\/08\/Zabawa-Andrzejkowa5-600x399.jpg 600w, https:\/\/extranet.who.int\/agefriendlyworld\/wp-content\/uploads\/2018\/08\/Zabawa-Andrzejkowa5-451x300.jpg 451w, https:\/\/extranet.who.int\/agefriendlyworld\/wp-content\/uploads\/2018\/08\/Zabawa-Andrzejkowa5-244x163.jpg 244w, https:\/\/extranet.who.int\/agefriendlyworld\/wp-content\/uploads\/2018\/08\/Zabawa-Andrzejkowa5-150x100.jpg 150w, https:\/\/extranet.who.int\/agefriendlyworld\/wp-content\/uploads\/2018\/08\/Zabawa-Andrzejkowa5-60x40.jpg 60w, https:\/\/extranet.who.int\/agefriendlyworld\/wp-content\/uploads\/2018\/08\/Zabawa-Andrzejkowa5-246x162.jpg 246w\" sizes=\"(max-width: 300px) 100vw, 300px\" \/><img decoding=\"async\" loading=\"lazy\" class=\"alignnone size-medium wp-image-15308\" src=\"https:\/\/extranet.who.int\/agefriendlyworld\/wp-content\/uploads\/2018\/08\/wPrudniku4-300x199.jpg\" alt=\"\" width=\"300\" height=\"199\" srcset=\"https:\/\/extranet.who.int\/agefriendlyworld\/wp-content\/uploads\/2018\/08\/wPrudniku4-300x199.jpg 300w, https:\/\/extranet.who.int\/agefriendlyworld\/wp-content\/uploads\/2018\/08\/wPrudniku4-768x510.jpg 768w, https:\/\/extranet.who.int\/agefriendlyworld\/wp-content\/uploads\/2018\/08\/wPrudniku4.jpg 1024w, https:\/\/extranet.who.int\/agefriendlyworld\/wp-content\/uploads\/2018\/08\/wPrudniku4-600x398.jpg 600w, https:\/\/extranet.who.int\/agefriendlyworld\/wp-content\/uploads\/2018\/08\/wPrudniku4-452x300.jpg 452w, https:\/\/extranet.who.int\/agefriendlyworld\/wp-content\/uploads\/2018\/08\/wPrudniku4-244x163.jpg 244w, https:\/\/extranet.who.int\/agefriendlyworld\/wp-content\/uploads\/2018\/08\/wPrudniku4-150x100.jpg 150w, https:\/\/extranet.who.int\/agefriendlyworld\/wp-content\/uploads\/2018\/08\/wPrudniku4-60x40.jpg 60w, https:\/\/extranet.who.int\/agefriendlyworld\/wp-content\/uploads\/2018\/08\/wPrudniku4-246x162.jpg 246w\" sizes=\"(max-width: 300px) 100vw, 300px\" \/><img decoding=\"async\" loading=\"lazy\" class=\"alignnone size-medium wp-image-15309\" src=\"https:\/\/extranet.who.int\/agefriendlyworld\/wp-content\/uploads\/2018\/08\/We-Wroc\u0142awiu4-300x201.jpg\" alt=\"\" width=\"300\" height=\"201\" srcset=\"https:\/\/extranet.who.int\/agefriendlyworld\/wp-content\/uploads\/2018\/08\/We-Wroc\u0142awiu4-300x201.jpg 300w, https:\/\/extranet.who.int\/agefriendlyworld\/wp-content\/uploads\/2018\/08\/We-Wroc\u0142awiu4-768x514.jpg 768w, https:\/\/extranet.who.int\/agefriendlyworld\/wp-content\/uploads\/2018\/08\/We-Wroc\u0142awiu4-1024x686.jpg 1024w, https:\/\/extranet.who.int\/agefriendlyworld\/wp-content\/uploads\/2018\/08\/We-Wroc\u0142awiu4-600x402.jpg 600w, https:\/\/extranet.who.int\/agefriendlyworld\/wp-content\/uploads\/2018\/08\/We-Wroc\u0142awiu4-448x300.jpg 448w, https:\/\/extranet.who.int\/agefriendlyworld\/wp-content\/uploads\/2018\/08\/We-Wroc\u0142awiu4-244x163.jpg 244w, https:\/\/extranet.who.int\/agefriendlyworld\/wp-content\/uploads\/2018\/08\/We-Wroc\u0142awiu4-150x100.jpg 150w, https:\/\/extranet.who.int\/agefriendlyworld\/wp-content\/uploads\/2018\/08\/We-Wroc\u0142awiu4-60x40.jpg 60w, https:\/\/extranet.who.int\/agefriendlyworld\/wp-content\/uploads\/2018\/08\/We-Wroc\u0142awiu4-272x182.jpg 272w\" sizes=\"(max-width: 300px) 100vw, 300px\" \/><img decoding=\"async\" loading=\"lazy\" class=\"alignnone size-medium wp-image-15310\" src=\"https:\/\/extranet.who.int\/agefriendlyworld\/wp-content\/uploads\/2018\/08\/We-Wroc\u0142awiu3-300x201.jpg\" alt=\"\" width=\"300\" height=\"201\" srcset=\"https:\/\/extranet.who.int\/agefriendlyworld\/wp-content\/uploads\/2018\/08\/We-Wroc\u0142awiu3-300x201.jpg 300w, https:\/\/extranet.who.int\/agefriendlyworld\/wp-content\/uploads\/2018\/08\/We-Wroc\u0142awiu3-768x514.jpg 768w, https:\/\/extranet.who.int\/agefriendlyworld\/wp-content\/uploads\/2018\/08\/We-Wroc\u0142awiu3-1024x686.jpg 1024w, https:\/\/extranet.who.int\/agefriendlyworld\/wp-content\/uploads\/2018\/08\/We-Wroc\u0142awiu3-600x402.jpg 600w, https:\/\/extranet.who.int\/agefriendlyworld\/wp-content\/uploads\/2018\/08\/We-Wroc\u0142awiu3-448x300.jpg 448w, https:\/\/extranet.who.int\/agefriendlyworld\/wp-content\/uploads\/2018\/08\/We-Wroc\u0142awiu3-244x163.jpg 244w, https:\/\/extranet.who.int\/agefriendlyworld\/wp-content\/uploads\/2018\/08\/We-Wroc\u0142awiu3-150x100.jpg 150w, https:\/\/extranet.who.int\/agefriendlyworld\/wp-content\/uploads\/2018\/08\/We-Wroc\u0142awiu3-60x40.jpg 60w, https:\/\/extranet.who.int\/agefriendlyworld\/wp-content\/uploads\/2018\/08\/We-Wroc\u0142awiu3-272x182.jpg 272w\" sizes=\"(max-width: 300px) 100vw, 300px\" \/><img decoding=\"async\" loading=\"lazy\" class=\"alignnone size-medium wp-image-15311\" src=\"https:\/\/extranet.who.int\/agefriendlyworld\/wp-content\/uploads\/2018\/08\/W-\u015aDS_Magnolia-169x300.jpg\" alt=\"\" width=\"169\" height=\"300\" srcset=\"https:\/\/extranet.who.int\/agefriendlyworld\/wp-content\/uploads\/2018\/08\/W-\u015aDS_Magnolia-169x300.jpg 169w, https:\/\/extranet.who.int\/agefriendlyworld\/wp-content\/uploads\/2018\/08\/W-\u015aDS_Magnolia-768x1366.jpg 768w, https:\/\/extranet.who.int\/agefriendlyworld\/wp-content\/uploads\/2018\/08\/W-\u015aDS_Magnolia-576x1024.jpg 576w, https:\/\/extranet.who.int\/agefriendlyworld\/wp-content\/uploads\/2018\/08\/W-\u015aDS_Magnolia-600x1067.jpg 600w, https:\/\/extranet.who.int\/agefriendlyworld\/wp-content\/uploads\/2018\/08\/W-\u015aDS_Magnolia-92x163.jpg 92w, https:\/\/extranet.who.int\/agefriendlyworld\/wp-content\/uploads\/2018\/08\/W-\u015aDS_Magnolia-84x150.jpg 84w, https:\/\/extranet.who.int\/agefriendlyworld\/wp-content\/uploads\/2018\/08\/W-\u015aDS_Magnolia-34x60.jpg 34w, https:\/\/extranet.who.int\/agefriendlyworld\/wp-content\/uploads\/2018\/08\/W-\u015aDS_Magnolia.jpg 1543w\" sizes=\"(max-width: 169px) 100vw, 169px\" \/><img decoding=\"async\" loading=\"lazy\" class=\"alignnone size-medium wp-image-15312\" src=\"https:\/\/extranet.who.int\/agefriendlyworld\/wp-content\/uploads\/2018\/08\/W-\u015aDs_Magnolia2-300x169.jpg\" alt=\"\" width=\"300\" height=\"169\" srcset=\"https:\/\/extranet.who.int\/agefriendlyworld\/wp-content\/uploads\/2018\/08\/W-\u015aDs_Magnolia2-300x169.jpg 300w, https:\/\/extranet.who.int\/agefriendlyworld\/wp-content\/uploads\/2018\/08\/W-\u015aDs_Magnolia2-768x432.jpg 768w, https:\/\/extranet.who.int\/agefriendlyworld\/wp-content\/uploads\/2018\/08\/W-\u015aDs_Magnolia2-1024x576.jpg 1024w, https:\/\/extranet.who.int\/agefriendlyworld\/wp-content\/uploads\/2018\/08\/W-\u015aDs_Magnolia2-600x338.jpg 600w, https:\/\/extranet.who.int\/agefriendlyworld\/wp-content\/uploads\/2018\/08\/W-\u015aDs_Magnolia2-533x300.jpg 533w, https:\/\/extranet.who.int\/agefriendlyworld\/wp-content\/uploads\/2018\/08\/W-\u015aDs_Magnolia2-244x137.jpg 244w, https:\/\/extranet.who.int\/agefriendlyworld\/wp-content\/uploads\/2018\/08\/W-\u015aDs_Magnolia2-150x84.jpg 150w, https:\/\/extranet.who.int\/agefriendlyworld\/wp-content\/uploads\/2018\/08\/W-\u015aDs_Magnolia2-60x34.jpg 60w, https:\/\/extranet.who.int\/agefriendlyworld\/wp-content\/uploads\/2018\/08\/W-\u015aDs_Magnolia2.jpg 1921w\" sizes=\"(max-width: 300px) 100vw, 300px\" \/><img decoding=\"async\" loading=\"lazy\" class=\"alignnone size-medium wp-image-15313\" src=\"https:\/\/extranet.who.int\/agefriendlyworld\/wp-content\/uploads\/2018\/08\/w-Prudniku2-300x199.jpg\" alt=\"\" width=\"300\" height=\"199\" srcset=\"https:\/\/extranet.who.int\/agefriendlyworld\/wp-content\/uploads\/2018\/08\/w-Prudniku2-300x199.jpg 300w, https:\/\/extranet.who.int\/agefriendlyworld\/wp-content\/uploads\/2018\/08\/w-Prudniku2-768x510.jpg 768w, https:\/\/extranet.who.int\/agefriendlyworld\/wp-content\/uploads\/2018\/08\/w-Prudniku2.jpg 1024w, https:\/\/extranet.who.int\/agefriendlyworld\/wp-content\/uploads\/2018\/08\/w-Prudniku2-600x398.jpg 600w, https:\/\/extranet.who.int\/agefriendlyworld\/wp-content\/uploads\/2018\/08\/w-Prudniku2-452x300.jpg 452w, https:\/\/extranet.who.int\/agefriendlyworld\/wp-content\/uploads\/2018\/08\/w-Prudniku2-244x163.jpg 244w, https:\/\/extranet.who.int\/agefriendlyworld\/wp-content\/uploads\/2018\/08\/w-Prudniku2-150x100.jpg 150w, https:\/\/extranet.who.int\/agefriendlyworld\/wp-content\/uploads\/2018\/08\/w-Prudniku2-60x40.jpg 60w, https:\/\/extranet.who.int\/agefriendlyworld\/wp-content\/uploads\/2018\/08\/w-Prudniku2-246x162.jpg 246w\" sizes=\"(max-width: 300px) 100vw, 300px\" \/><img decoding=\"async\" loading=\"lazy\" class=\"alignnone size-medium wp-image-15314\" src=\"https:\/\/extranet.who.int\/agefriendlyworld\/wp-content\/uploads\/2018\/08\/w-Prudniku-300x199.jpg\" alt=\"\" width=\"300\" height=\"199\" srcset=\"https:\/\/extranet.who.int\/agefriendlyworld\/wp-content\/uploads\/2018\/08\/w-Prudniku-300x199.jpg 300w, https:\/\/extranet.who.int\/agefriendlyworld\/wp-content\/uploads\/2018\/08\/w-Prudniku-768x510.jpg 768w, https:\/\/extranet.who.int\/agefriendlyworld\/wp-content\/uploads\/2018\/08\/w-Prudniku.jpg 1024w, https:\/\/extranet.who.int\/agefriendlyworld\/wp-content\/uploads\/2018\/08\/w-Prudniku-600x398.jpg 600w, https:\/\/extranet.who.int\/agefriendlyworld\/wp-content\/uploads\/2018\/08\/w-Prudniku-452x300.jpg 452w, https:\/\/extranet.who.int\/agefriendlyworld\/wp-content\/uploads\/2018\/08\/w-Prudniku-244x163.jpg 244w, https:\/\/extranet.who.int\/agefriendlyworld\/wp-content\/uploads\/2018\/08\/w-Prudniku-150x100.jpg 150w, https:\/\/extranet.who.int\/agefriendlyworld\/wp-content\/uploads\/2018\/08\/w-Prudniku-60x40.jpg 60w, https:\/\/extranet.who.int\/agefriendlyworld\/wp-content\/uploads\/2018\/08\/w-Prudniku-246x162.jpg 246w\" sizes=\"(max-width: 300px) 100vw, 300px\" \/><\/p>\n","protected":false},"excerpt":{"rendered":"<p>The Senior Council took steps aimed at defining objectives to be fulfilled within the current term. 18.02.2016 and 11.04.2016 Ms Iwona Niedojad\u0142o, senior policy coordinator, organized and chaired Senior Council workshops with the object of establishing an activity scheme which resulted in passing a resolution 2\/2016 dated 6 May 2016 to be implemented in the forthcoming future.<\/p>\n<p>The Council determined a new vision of the city as follows: \u201e Opole is the all-friendly city that takes into consideration various needs of its citizens with the respect of their age accordingly.\u201d<\/p>\n<p>Our mission: \u201cRepresenting senior community towards local authorities as the presidential advisory body\u201d<\/p>\n<p>Our aim: \u201cImproving living conditions of the senior citizens in Opole\u201d along with minor objectives.<\/p>\n<p>The council presidency sets a range of tasks to be carried out within a six-month course and makes assessment of their implementation as well as accomplishment on a yearly basis in summary workshops.<\/p>\n<p>\u201cOptimists of Opole\u201d &#8211; an informal group of two Council members and senior policy coordinator \u2013 tabled proposal \u201cSenior Councils Meeting of\u00a0 Opole Region\u201d to be performed under Citizen Initiative Fund. The group included as follows: Iwona Niedojad\u0142o, Leokadia Kubala\u0144ca and Teresa Soko\u0142owska. Their agenda was approved and proceeded for further implementation.<\/p>\n<p>8-9 July 2016 Student Culture Centre in Opole held a meeting featuring representatives of senior councils from all over the region. Both lectures and workshops were conducted on a voluntary basis by the chair people mentioned above.<\/p>\n<p>Two days of common efforts were gathered in booklet \u201cLet\u2019s Go Professional. Regional Senior Council Meeting\u201d then published in two forms &#8211; traditional and electronic. The text was sent to all participants afterwards.<\/p>\n<p>Senior Council submitted for approval two projects for the Local Citizen Budget.<\/p>\n","protected":false},"author":912,"featured_media":15293,"comment_status":"closed","ping_status":"open","sticky":false,"template":"","format":"standard","meta":{"_bbp_topic_count":0,"_bbp_reply_count":0,"_bbp_total_topic_count":0,"_bbp_total_reply_count":0,"_bbp_voice_count":0,"_bbp_anonymous_reply_count":0,"_bbp_topic_count_hidden":0,"_bbp_reply_count_hidden":0,"_bbp_forum_subforum_count":0},"categories":[550],"tags":[],"acf":[],"_links":{"self":[{"href":"https:\/\/extranet.who.int\/agefriendlyworld\/wp-json\/wp\/v2\/posts\/15292"}],"collection":[{"href":"https:\/\/extranet.who.int\/agefriendlyworld\/wp-json\/wp\/v2\/posts"}],"about":[{"href":"https:\/\/extranet.who.int\/agefriendlyworld\/wp-json\/wp\/v2\/types\/post"}],"author":[{"embeddable":true,"href":"https:\/\/extranet.who.int\/agefriendlyworld\/wp-json\/wp\/v2\/users\/912"}],"replies":[{"embeddable":true,"href":"https:\/\/extranet.who.int\/agefriendlyworld\/wp-json\/wp\/v2\/comments?post=15292"}],"version-history":[{"count":1,"href":"https:\/\/extranet.who.int\/agefriendlyworld\/wp-json\/wp\/v2\/posts\/15292\/revisions"}],"predecessor-version":[{"id":15315,"href":"https:\/\/extranet.who.int\/agefriendlyworld\/wp-json\/wp\/v2\/posts\/15292\/revisions\/15315"}],"wp:featuredmedia":[{"embeddable":true,"href":"https:\/\/extranet.who.int\/agefriendlyworld\/wp-json\/wp\/v2\/media\/15293"}],"wp:attachment":[{"href":"https:\/\/extranet.who.int\/agefriendlyworld\/wp-json\/wp\/v2\/media?parent=15292"}],"wp:term":[{"taxonomy":"category","embeddable":true,"href":"https:\/\/extranet.who.int\/agefriendlyworld\/wp-json\/wp\/v2\/categories?post=15292"},{"taxonomy":"post_tag","embeddable":true,"href":"https:\/\/extranet.who.int\/agefriendlyworld\/wp-json\/wp\/v2\/tags?post=15292"}],"curies":[{"name":"wp","href":"https:\/\/api.w.org\/{rel}","templated":true}]}}