{"id":13976,"date":"2018-07-18T02:53:32","date_gmt":"2018-07-18T02:53:32","guid":{"rendered":"https:\/\/agefriendlyworld.local.org\/?p=13976"},"modified":"2018-07-18T03:15:55","modified_gmt":"2018-07-18T03:15:55","slug":"certificacao-programa-cidade-e-comunidades-amigaveis-com-pessoa-idosa","status":"publish","type":"post","link":"https:\/\/extranet.who.int\/agefriendlyworld\/certificacao-programa-cidade-e-comunidades-amigaveis-com-pessoa-idosa\/","title":{"rendered":"Certifica\u00e7\u00e3o do Programa Cidade e Comunidades Amig\u00e1veis com a Pessoa Idosa do Munic\u00edpio de Pato Branco"},"content":{"rendered":"<p>No dia 19 de junho, recebemos a certifica\u00e7\u00e3o no Programa Cidade e Comunidades Amig\u00e1veis com a Pessoa Idosa, entregue pela OPAS (Organiza\u00e7\u00e3o Panamericana da Sa\u00fade) e pela OMS (Organiza\u00e7\u00e3o Mundial da Sa\u00fade). A certifica\u00e7\u00e3o \u00e9 uma conquista in\u00e9dita no Estado do Paran\u00e1 e resulta de um plano de trabalho voltado \u00e0 qualidade de vida da pessoa idosa, por meio de a\u00e7\u00f5es permanentes desenvolvidas pela Prefeitura, juntamente com a Fam\u00edlia Rot\u00e1ria, UTFPR, Conselho Municipal dos Direitos do Idoso e participa\u00e7\u00e3o da deputada federal Leandre Dal Ponte. Al\u00e9m do prefeito Augustinho Zucchi e demais lideran\u00e7as locais, o evento de certifica\u00e7\u00e3o contou com a presen\u00e7a da coordenadora da Unidade de Fam\u00edlia, G\u00eanero e Curso de Vida da OPAS\/OMS no Brasil, Haydee Padilla e da deputada Leandre Dal Ponte.<\/p>\n<p>On June 19th of 2018, we received the certification of the Programa Cidade (City Program) and of the Comunidades Amig\u00e1veis com a Pessoa Idosa (Friendly Communities with the Elderly People Program), given by PAHO (Pan American Health Organization) and WHO (World Health Organization). The certification is an unprecedented achievement in the State of Paran\u00e1 and results from a work plan that focus on the quality of life of the elderly people, by means of permanent actions developed by the City Hall united with the Rotary Family, the Universidade Federal do Paran\u00e1-UTFPR (Federal University of Paran\u00e1), the Conselho Municipal dos Direitos do Idoso (Municipal Council of the Elderly\u2019s Rights) and the participation of the Federal Deputy Leandre Dal Ponte. The certification event was attended by Haydee Padilla, the coordinator of the Family, Gender and Life Course Department of PAHO\/ WHO in Brazil, and Leandre Dal Ponte, as well as the Mayor Augustinho Zucchi and other local leaders.<\/p>\n<p>&nbsp;<\/p>\n<p><img decoding=\"async\" loading=\"lazy\" class=\"alignnone size-medium wp-image-13983\" src=\"https:\/\/extranet.who.int\/agefriendlyworld\/wp-content\/uploads\/2018\/07\/FB_IMG_1531873627881-300x200.jpg\" alt=\"\" width=\"300\" height=\"200\" srcset=\"https:\/\/extranet.who.int\/agefriendlyworld\/wp-content\/uploads\/2018\/07\/FB_IMG_1531873627881-300x200.jpg 300w, https:\/\/extranet.who.int\/agefriendlyworld\/wp-content\/uploads\/2018\/07\/FB_IMG_1531873627881-768x512.jpg 768w, https:\/\/extranet.who.int\/agefriendlyworld\/wp-content\/uploads\/2018\/07\/FB_IMG_1531873627881-1024x683.jpg 1024w, https:\/\/extranet.who.int\/agefriendlyworld\/wp-content\/uploads\/2018\/07\/FB_IMG_1531873627881-600x400.jpg 600w, https:\/\/extranet.who.int\/agefriendlyworld\/wp-content\/uploads\/2018\/07\/FB_IMG_1531873627881-450x300.jpg 450w, https:\/\/extranet.who.int\/agefriendlyworld\/wp-content\/uploads\/2018\/07\/FB_IMG_1531873627881-244x163.jpg 244w, https:\/\/extranet.who.int\/agefriendlyworld\/wp-content\/uploads\/2018\/07\/FB_IMG_1531873627881-150x100.jpg 150w, https:\/\/extranet.who.int\/agefriendlyworld\/wp-content\/uploads\/2018\/07\/FB_IMG_1531873627881-60x40.jpg 60w, https:\/\/extranet.who.int\/agefriendlyworld\/wp-content\/uploads\/2018\/07\/FB_IMG_1531873627881-272x182.jpg 272w, https:\/\/extranet.who.int\/agefriendlyworld\/wp-content\/uploads\/2018\/07\/FB_IMG_1531873627881.jpg 1440w\" sizes=\"(max-width: 300px) 100vw, 300px\" \/> <img decoding=\"async\" loading=\"lazy\" class=\"alignnone size-medium wp-image-13984\" src=\"https:\/\/extranet.who.int\/agefriendlyworld\/wp-content\/uploads\/2018\/07\/FB_IMG_1531873637590-300x200.jpg\" alt=\"\" width=\"300\" height=\"200\" srcset=\"https:\/\/extranet.who.int\/agefriendlyworld\/wp-content\/uploads\/2018\/07\/FB_IMG_1531873637590-300x200.jpg 300w, https:\/\/extranet.who.int\/agefriendlyworld\/wp-content\/uploads\/2018\/07\/FB_IMG_1531873637590-768x512.jpg 768w, https:\/\/extranet.who.int\/agefriendlyworld\/wp-content\/uploads\/2018\/07\/FB_IMG_1531873637590-1024x683.jpg 1024w, https:\/\/extranet.who.int\/agefriendlyworld\/wp-content\/uploads\/2018\/07\/FB_IMG_1531873637590-600x400.jpg 600w, https:\/\/extranet.who.int\/agefriendlyworld\/wp-content\/uploads\/2018\/07\/FB_IMG_1531873637590-450x300.jpg 450w, https:\/\/extranet.who.int\/agefriendlyworld\/wp-content\/uploads\/2018\/07\/FB_IMG_1531873637590-244x163.jpg 244w, https:\/\/extranet.who.int\/agefriendlyworld\/wp-content\/uploads\/2018\/07\/FB_IMG_1531873637590-150x100.jpg 150w, https:\/\/extranet.who.int\/agefriendlyworld\/wp-content\/uploads\/2018\/07\/FB_IMG_1531873637590-60x40.jpg 60w, https:\/\/extranet.who.int\/agefriendlyworld\/wp-content\/uploads\/2018\/07\/FB_IMG_1531873637590-272x182.jpg 272w, https:\/\/extranet.who.int\/agefriendlyworld\/wp-content\/uploads\/2018\/07\/FB_IMG_1531873637590.jpg 1440w\" sizes=\"(max-width: 300px) 100vw, 300px\" \/> <img decoding=\"async\" loading=\"lazy\" class=\"alignnone size-medium wp-image-13986\" src=\"https:\/\/extranet.who.int\/agefriendlyworld\/wp-content\/uploads\/2018\/07\/FB_IMG_1531873689239-300x200.jpg\" alt=\"\" width=\"300\" height=\"200\" srcset=\"https:\/\/extranet.who.int\/agefriendlyworld\/wp-content\/uploads\/2018\/07\/FB_IMG_1531873689239-300x200.jpg 300w, https:\/\/extranet.who.int\/agefriendlyworld\/wp-content\/uploads\/2018\/07\/FB_IMG_1531873689239-768x512.jpg 768w, https:\/\/extranet.who.int\/agefriendlyworld\/wp-content\/uploads\/2018\/07\/FB_IMG_1531873689239-1024x683.jpg 1024w, https:\/\/extranet.who.int\/agefriendlyworld\/wp-content\/uploads\/2018\/07\/FB_IMG_1531873689239-600x400.jpg 600w, https:\/\/extranet.who.int\/agefriendlyworld\/wp-content\/uploads\/2018\/07\/FB_IMG_1531873689239-450x300.jpg 450w, https:\/\/extranet.who.int\/agefriendlyworld\/wp-content\/uploads\/2018\/07\/FB_IMG_1531873689239-244x163.jpg 244w, https:\/\/extranet.who.int\/agefriendlyworld\/wp-content\/uploads\/2018\/07\/FB_IMG_1531873689239-150x100.jpg 150w, https:\/\/extranet.who.int\/agefriendlyworld\/wp-content\/uploads\/2018\/07\/FB_IMG_1531873689239-60x40.jpg 60w, https:\/\/extranet.who.int\/agefriendlyworld\/wp-content\/uploads\/2018\/07\/FB_IMG_1531873689239-272x182.jpg 272w, https:\/\/extranet.who.int\/agefriendlyworld\/wp-content\/uploads\/2018\/07\/FB_IMG_1531873689239.jpg 1440w\" sizes=\"(max-width: 300px) 100vw, 300px\" \/> <img decoding=\"async\" loading=\"lazy\" class=\"alignnone size-medium wp-image-13987\" src=\"https:\/\/extranet.who.int\/agefriendlyworld\/wp-content\/uploads\/2018\/07\/FB_IMG_1531873695990-300x200.jpg\" alt=\"\" width=\"300\" height=\"200\" srcset=\"https:\/\/extranet.who.int\/agefriendlyworld\/wp-content\/uploads\/2018\/07\/FB_IMG_1531873695990-300x200.jpg 300w, https:\/\/extranet.who.int\/agefriendlyworld\/wp-content\/uploads\/2018\/07\/FB_IMG_1531873695990-768x512.jpg 768w, https:\/\/extranet.who.int\/agefriendlyworld\/wp-content\/uploads\/2018\/07\/FB_IMG_1531873695990-1024x683.jpg 1024w, https:\/\/extranet.who.int\/agefriendlyworld\/wp-content\/uploads\/2018\/07\/FB_IMG_1531873695990-600x400.jpg 600w, https:\/\/extranet.who.int\/agefriendlyworld\/wp-content\/uploads\/2018\/07\/FB_IMG_1531873695990-450x300.jpg 450w, https:\/\/extranet.who.int\/agefriendlyworld\/wp-content\/uploads\/2018\/07\/FB_IMG_1531873695990-244x163.jpg 244w, https:\/\/extranet.who.int\/agefriendlyworld\/wp-content\/uploads\/2018\/07\/FB_IMG_1531873695990-150x100.jpg 150w, https:\/\/extranet.who.int\/agefriendlyworld\/wp-content\/uploads\/2018\/07\/FB_IMG_1531873695990-60x40.jpg 60w, https:\/\/extranet.who.int\/agefriendlyworld\/wp-content\/uploads\/2018\/07\/FB_IMG_1531873695990-272x182.jpg 272w, https:\/\/extranet.who.int\/agefriendlyworld\/wp-content\/uploads\/2018\/07\/FB_IMG_1531873695990.jpg 1440w\" sizes=\"(max-width: 300px) 100vw, 300px\" \/><\/p>\n<p>Assista ao v\u00eddeo do lan\u00e7amento em:\u00a0<a href=\"https:\/\/www.youtube.com\/watch?v=hECEdpFMT5g&amp;t=73s\">https:\/\/www.youtube.com\/watch?v=hECEdpFMT5g&amp;t=73s<\/a><\/p>\n<p>&nbsp;<\/p>\n","protected":false},"excerpt":{"rendered":"<p>No dia 19 de junho, recebemos a certifica\u00e7\u00e3o no Programa Cidade e Comunidades Amig\u00e1veis com a Pessoa Idosa, entregue pela OPAS (Organiza\u00e7\u00e3o Panamericana da Sa\u00fade) e pela OMS (Organiza\u00e7\u00e3o Mundial da Sa\u00fade). A certifica\u00e7\u00e3o \u00e9 uma conquista in\u00e9dita no Estado do Paran\u00e1 e resulta de um plano de trabalho voltado \u00e0 qualidade de vida da pessoa idosa, por meio de a\u00e7\u00f5es permanentes desenvolvidas pela Prefeitura, juntamente com a Fam\u00edlia Rot\u00e1ria, UTFPR, Conselho Municipal dos Direitos do Idoso e participa\u00e7\u00e3o da deputada federal Leandre Dal Ponte. Al\u00e9m do prefeito Augustinho Zucchi e demais lideran\u00e7as locais, o evento de certifica\u00e7\u00e3o contou com a presen\u00e7a da coordenadora da Unidade de Fam\u00edlia, G\u00eanero e Curso de Vida da OPAS\/OMS no Brasil, Haydee Padilla e da deputada Leandre Dal Ponte.<\/p>\n<p>On June 19th of 2018, we received the certification of the Programa Cidade (City Program) and of the Comunidades Amig\u00e1veis com a Pessoa Idosa (Friendly Communities with the Elderly People Program), given by PAHO (Pan American Health Organization) and WHO (World Health Organization). The certification is an unprecedented achievement in the State of Paran\u00e1 and results from a work plan that focus on the quality of life of the elderly people, by means of permanent actions developed by the City Hall united with the Rotary Family, the Universidade Federal do Paran\u00e1-UTFPR (Federal University of Paran\u00e1), the Conselho Municipal dos Direitos do Idoso (Municipal Council of the Elderly\u2019s Rights) and the participation of the Federal Deputy Leandre Dal Ponte. The certification event was attended by Haydee Padilla, the coordinator of the Family, Gender and Life Course Department of PAHO\/ WHO in Brazil, and Leandre Dal Ponte, as well as the Mayor Augustinho Zucchi and other local leaders.<\/p>\n<p>&nbsp;<\/p>\n<\/p>\n<p>Assista ao v\u00eddeo do lan\u00e7amento em:\u00a0<a href=\"https:\/\/www.youtube.com\/watch?v=hECEdpFMT5g&amp;t=73s\">https:\/\/www.youtube.com\/watch?v=hECEdpFMT5g&amp;t=73s<\/a><\/p>\n<p>&nbsp;<\/p>\n","protected":false},"author":921,"featured_media":0,"comment_status":"closed","ping_status":"open","sticky":false,"template":"","format":"standard","meta":{"_bbp_topic_count":0,"_bbp_reply_count":0,"_bbp_total_topic_count":0,"_bbp_total_reply_count":0,"_bbp_voice_count":0,"_bbp_anonymous_reply_count":0,"_bbp_topic_count_hidden":0,"_bbp_reply_count_hidden":0,"_bbp_forum_subforum_count":0},"categories":[917,550],"tags":[],"acf":[],"_links":{"self":[{"href":"https:\/\/extranet.who.int\/agefriendlyworld\/wp-json\/wp\/v2\/posts\/13976"}],"collection":[{"href":"https:\/\/extranet.who.int\/agefriendlyworld\/wp-json\/wp\/v2\/posts"}],"about":[{"href":"https:\/\/extranet.who.int\/agefriendlyworld\/wp-json\/wp\/v2\/types\/post"}],"author":[{"embeddable":true,"href":"https:\/\/extranet.who.int\/agefriendlyworld\/wp-json\/wp\/v2\/users\/921"}],"replies":[{"embeddable":true,"href":"https:\/\/extranet.who.int\/agefriendlyworld\/wp-json\/wp\/v2\/comments?post=13976"}],"version-history":[{"count":6,"href":"https:\/\/extranet.who.int\/agefriendlyworld\/wp-json\/wp\/v2\/posts\/13976\/revisions"}],"predecessor-version":[{"id":13994,"href":"https:\/\/extranet.who.int\/agefriendlyworld\/wp-json\/wp\/v2\/posts\/13976\/revisions\/13994"}],"wp:attachment":[{"href":"https:\/\/extranet.who.int\/agefriendlyworld\/wp-json\/wp\/v2\/media?parent=13976"}],"wp:term":[{"taxonomy":"category","embeddable":true,"href":"https:\/\/extranet.who.int\/agefriendlyworld\/wp-json\/wp\/v2\/categories?post=13976"},{"taxonomy":"post_tag","embeddable":true,"href":"https:\/\/extranet.who.int\/agefriendlyworld\/wp-json\/wp\/v2\/tags?post=13976"}],"curies":[{"name":"wp","href":"https:\/\/api.w.org\/{rel}","templated":true}]}}